{"id":3979,"date":"2021-03-08T17:17:45","date_gmt":"2021-03-08T16:17:45","guid":{"rendered":"https:\/\/parkhotelbuk.hu\/okomenikus-kapolna\/"},"modified":"2023-02-23T13:00:16","modified_gmt":"2023-02-23T12:00:16","slug":"okomenikus-kapolna","status":"publish","type":"post","link":"https:\/\/parkhotelbuk.hu\/en\/okomenikus-kapolna\/","title":{"rendered":"Ecumenical Chapel"},"content":{"rendered":"<p>[et_pb_section fb_built=&#8221;1&#8243; fullwidth=&#8221;on&#8221; admin_label=&#8221;Szakasz&#8221; _builder_version=&#8221;4.16&#8243; _module_preset=&#8221;default&#8221; custom_margin=&#8221;||||false|false&#8221; top_divider_height=&#8221;49px&#8221; saved_tabs=&#8221;all&#8221; global_colors_info=&#8221;{}&#8221;][et_pb_fullwidth_post_title meta=&#8221;off&#8221; featured_placement=&#8221;background&#8221; _builder_version=&#8221;4.20.0&#8243; _module_preset=&#8221;default&#8221; title_font=&#8221;||||||||&#8221; title_text_align=&#8221;center&#8221; title_text_color=&#8221;#8DCE71&#8243; title_letter_spacing=&#8221;6px&#8221; background_color=&#8221;#ffffff&#8221; use_background_color_gradient=&#8221;on&#8221; background_color_gradient_stops=&#8221;#5a9612 0%|rgba(255,255,255,0) 34%&#8221; background_color_gradient_overlays_image=&#8221;on&#8221; background_color_gradient_start=&#8221;#5a9612&#8243; background_color_gradient_end=&#8221;rgba(255,255,255,0)&#8221; background_color_gradient_end_position=&#8221;34%&#8221; min_height=&#8221;70vh&#8221; min_height_tablet=&#8221;&#8221; min_height_phone=&#8221;&#8221; min_height_last_edited=&#8221;on|desktop&#8221; custom_margin=&#8221;0px||||false|false&#8221; custom_padding=&#8221;50vh||||false|false&#8221; filter_saturate=&#8221;133%&#8221; filter_brightness=&#8221;108%&#8221; filter_invert=&#8221;8%&#8221; filter_sepia=&#8221;7%&#8221; hover_enabled=&#8221;0&#8243; title_text_shadow_style=&#8221;preset1&#8243; title_text_shadow_vertical_length=&#8221;0.09em&#8221; title_text_shadow_blur_strength=&#8221;0.12em&#8221; title_text_shadow_color=&#8221;#000000&#8243; global_colors_info=&#8221;{}&#8221; sticky_enabled=&#8221;0&#8243;][\/et_pb_fullwidth_post_title][\/et_pb_section][et_pb_section fb_built=&#8221;1&#8243; _builder_version=&#8221;4.16&#8243; _module_preset=&#8221;default&#8221; global_colors_info=&#8221;{}&#8221;][et_pb_row _builder_version=&#8221;4.16&#8243; _module_preset=&#8221;default&#8221; width=&#8221;85%&#8221; max_width=&#8221;100%&#8221; min_height=&#8221;264px&#8221; locked=&#8221;off&#8221; global_colors_info=&#8221;{}&#8221;][et_pb_column type=&#8221;4_4&#8243; _builder_version=&#8221;4.16&#8243; _module_preset=&#8221;default&#8221; global_colors_info=&#8221;{}&#8221;][et_pb_text _builder_version=&#8221;4.16&#8243; _module_preset=&#8221;default&#8221; text_font=&#8221;||||||||&#8221; min_height=&#8221;34px&#8221; custom_margin=&#8221;||||false|false&#8221; custom_padding=&#8221;10px||||false|false&#8221; global_colors_info=&#8221;{}&#8221;]<\/p>\n<p style=\"text-align: justify;\">The Ecumenical Chapel in B\u00fckf\u00fcrd\u0151 was consecrated in 2003, and it is Hungary\u2019s only chapel that is not owned by the Church but by a foundation. Mrs. L\u00e1szl\u00f3 Jezierski, Kati, who had the chapel built, trusting in God and earthly supporters, set up a foundation and organized a fundraiser in favor of the building of the chapel in the late 90s. After initial difficulties, she sacrificed several of her properties in Hungary for the cause, and supervised the construction process even being seriously ill and walking with a cane.<br \/>On her 80th birthday, even Pope John Paul II sent his greetings to the church builder lady.<br \/>The spa heals the body with the medicinal water, while the Ecumenical Chapel right next to it provides opportunity for spiritual healing. The charming chapel surrounded by a green area is one of the most interesting highlights of the spa complex.<\/p>\n<p>[\/et_pb_text][et_pb_image src=&#8221;https:\/\/parkhotelbuk.hu\/wp-content\/uploads\/2021\/02\/buk-parkhotel-okomenikus-kapolna.jpeg&#8221; alt=&#8221;\u0150komenikus K\u00e1polna&#8221; title_text=&#8221;\u0150komenikus K\u00e1polna&#8221; force_fullwidth=&#8221;on&#8221; _builder_version=&#8221;4.16&#8243; _module_preset=&#8221;default&#8221; module_alignment=&#8221;right&#8221; height_tablet=&#8221;&#8221; height_phone=&#8221;&#8221; height_last_edited=&#8221;on|tablet&#8221; filter_saturate=&#8221;200%&#8221; filter_brightness=&#8221;145%&#8221; filter_contrast=&#8221;85%&#8221; filter_sepia=&#8221;29%&#8221; mix_blend_mode=&#8221;color-dodge&#8221; border_color_all=&#8221;#00457a&#8221; box_shadow_style=&#8221;preset6&#8243; box_shadow_color=&#8221;#000000&#8243; global_colors_info=&#8221;{}&#8221;][\/et_pb_image][\/et_pb_column][\/et_pb_row][et_pb_row _builder_version=&#8221;4.16&#8243; _module_preset=&#8221;default&#8221; width=&#8221;85%&#8221; max_width=&#8221;1600px&#8221; border_color_all=&#8221;#d6d6d6&#8243; border_width_top=&#8221;2px&#8221; global_colors_info=&#8221;{}&#8221;][et_pb_column type=&#8221;4_4&#8243; _builder_version=&#8221;4.16&#8243; _module_preset=&#8221;default&#8221; global_colors_info=&#8221;{}&#8221;][et_pb_text _builder_version=&#8221;4.20.0&#8243; _module_preset=&#8221;default&#8221; header_text_color=&#8221;#5b8500&#8243; header_2_font=&#8221;||||||||&#8221; header_2_text_color=&#8221;#8DCE71&#8243; hover_enabled=&#8221;0&#8243; global_colors_info=&#8221;{}&#8221; sticky_enabled=&#8221;0&#8243;]<\/p>\n<h2 style=\"text-align: center;\">Have you already read this?<\/h2>\n<p>[\/et_pb_text][et_pb_post_slider posts_number=&#8221;5&#8243; include_categories=&#8221;8&#8243; orderby=&#8221;rand&#8221; excerpt_length=&#8221;200&#8243; show_meta=&#8221;off&#8221; bg_overlay_color=&#8221;rgba(0,0,0,0.6)&#8221; _builder_version=&#8221;4.16&#8243; _module_preset=&#8221;default&#8221; header_font=&#8221;Bebas Neue||||||||&#8221; header_font_size=&#8221;23px&#8221; body_font=&#8221;||||||||&#8221; body_font_size=&#8221;12px&#8221; body_line_height=&#8221;1.5em&#8221; custom_button=&#8221;on&#8221; button_text_size=&#8221;17px&#8221; button_text_color=&#8221;#ffffff&#8221; button_bg_color=&#8221;rgba(0,0,0,0)&#8221; button_border_color=&#8221;#ffffff&#8221; button_border_radius=&#8221;2px&#8221; button_font=&#8221;Bebas Neue||||||||&#8221; width=&#8221;40%&#8221; width_tablet=&#8221;100%&#8221; width_phone=&#8221;&#8221; width_last_edited=&#8221;on|phone&#8221; module_alignment=&#8221;center&#8221; max_height=&#8221;300px&#8221; auto=&#8221;on&#8221; auto_speed=&#8221;10000&#8243; header_text_shadow_style=&#8221;preset1&#8243; header_text_shadow_horizontal_length=&#8221;0.08em&#8221; header_text_shadow_blur_strength=&#8221;0.03em&#8221; body_text_shadow_style=&#8221;preset2&#8243; button_text_shadow_style=&#8221;preset1&#8243; button_text_shadow_blur_strength=&#8221;0.05em&#8221; button_text_shadow_color=&#8221;#000000&#8243; global_colors_info=&#8221;{}&#8221;][\/et_pb_post_slider][\/et_pb_column][\/et_pb_row][\/et_pb_section]<\/p>\n","protected":false},"excerpt":{"rendered":"<p>The Ecumenical Chapel in B\u00fckf\u00fcrd\u0151 was consecrated in 2003, and it is Hungary\u2019s only chapel that is not owned by the Church but by a foundation. Mrs. L\u00e1szl\u00f3 Jezierski, Kati, who had the chapel built, trusting in God and earthly supporters, set up a foundation and organized a fundraiser in favor of the building of [&hellip;]<\/p>\n","protected":false},"author":3,"featured_media":3980,"comment_status":"closed","ping_status":"closed","sticky":false,"template":"","format":"standard","meta":{"_et_pb_use_builder":"on","_et_pb_old_content":"","_et_gb_content_width":"","footnotes":""},"categories":[34],"tags":[],"class_list":["post-3979","post","type-post","status-publish","format-standard","has-post-thumbnail","hentry","category-latnivalok-en"],"yoast_head":"<!-- This site is optimized with the Yoast SEO plugin v27.2 - https:\/\/yoast.com\/product\/yoast-seo-wordpress\/ -->\n<title>Ecumenical Chapel - Park Hotel - B\u00fck<\/title>\n<meta name=\"robots\" content=\"index, follow, max-snippet:-1, max-image-preview:large, max-video-preview:-1\" \/>\n<link rel=\"canonical\" href=\"https:\/\/parkhotelbuk.hu\/en\/okomenikus-kapolna\/\" \/>\n<meta property=\"og:locale\" content=\"en_US\" \/>\n<meta property=\"og:type\" content=\"article\" \/>\n<meta property=\"og:title\" content=\"Ecumenical Chapel - Park Hotel - B\u00fck\" \/>\n<meta property=\"og:description\" content=\"The Ecumenical Chapel in B\u00fckf\u00fcrd\u0151 was consecrated in 2003, and it is Hungary\u2019s only chapel that is not owned by the Church but by a foundation. Mrs. L\u00e1szl\u00f3 Jezierski, Kati, who had the chapel built, trusting in God and earthly supporters, set up a foundation and organized a fundraiser in favor of the building of [&hellip;]\" \/>\n<meta property=\"og:url\" content=\"https:\/\/parkhotelbuk.hu\/en\/okomenikus-kapolna\/\" \/>\n<meta property=\"og:site_name\" content=\"Park Hotel - B\u00fck\" \/>\n<meta property=\"article:published_time\" content=\"2021-03-08T16:17:45+00:00\" \/>\n<meta property=\"article:modified_time\" content=\"2023-02-23T12:00:16+00:00\" \/>\n<meta property=\"og:image\" content=\"https:\/\/parkhotelbuk.hu\/wp-content\/uploads\/2021\/02\/buk-parkhotel-okomenikus-kapolna.jpeg\" \/>\n\t<meta property=\"og:image:width\" content=\"1000\" \/>\n\t<meta property=\"og:image:height\" content=\"750\" \/>\n\t<meta property=\"og:image:type\" content=\"image\/jpeg\" \/>\n<meta name=\"author\" content=\"Hegyi Tam\u00e1s\" \/>\n<meta name=\"twitter:card\" content=\"summary_large_image\" \/>\n<meta name=\"twitter:label1\" content=\"Written by\" \/>\n\t<meta name=\"twitter:data1\" content=\"Hegyi Tam\u00e1s\" \/>\n\t<meta name=\"twitter:label2\" content=\"Est. reading time\" \/>\n\t<meta name=\"twitter:data2\" content=\"2 minutes\" \/>\n<script type=\"application\/ld+json\" class=\"yoast-schema-graph\">{\"@context\":\"https:\/\/schema.org\",\"@graph\":[{\"@type\":\"Article\",\"@id\":\"https:\/\/parkhotelbuk.hu\/en\/okomenikus-kapolna\/#article\",\"isPartOf\":{\"@id\":\"https:\/\/parkhotelbuk.hu\/en\/okomenikus-kapolna\/\"},\"author\":{\"name\":\"Hegyi Tam\u00e1s\",\"@id\":\"https:\/\/parkhotelbuk.hu\/#\/schema\/person\/41ceb0e8195b74cf68e53413c3b1acee\"},\"headline\":\"Ecumenical Chapel\",\"datePublished\":\"2021-03-08T16:17:45+00:00\",\"dateModified\":\"2023-02-23T12:00:16+00:00\",\"mainEntityOfPage\":{\"@id\":\"https:\/\/parkhotelbuk.hu\/en\/okomenikus-kapolna\/\"},\"wordCount\":673,\"image\":{\"@id\":\"https:\/\/parkhotelbuk.hu\/en\/okomenikus-kapolna\/#primaryimage\"},\"thumbnailUrl\":\"https:\/\/parkhotelbuk.hu\/wp-content\/uploads\/2021\/02\/buk-parkhotel-okomenikus-kapolna.jpeg\",\"articleSection\":[\"L\u00e1tnival\u00f3k\"],\"inLanguage\":\"en-US\"},{\"@type\":\"WebPage\",\"@id\":\"https:\/\/parkhotelbuk.hu\/en\/okomenikus-kapolna\/\",\"url\":\"https:\/\/parkhotelbuk.hu\/en\/okomenikus-kapolna\/\",\"name\":\"Ecumenical Chapel - Park Hotel - B\u00fck\",\"isPartOf\":{\"@id\":\"https:\/\/parkhotelbuk.hu\/#website\"},\"primaryImageOfPage\":{\"@id\":\"https:\/\/parkhotelbuk.hu\/en\/okomenikus-kapolna\/#primaryimage\"},\"image\":{\"@id\":\"https:\/\/parkhotelbuk.hu\/en\/okomenikus-kapolna\/#primaryimage\"},\"thumbnailUrl\":\"https:\/\/parkhotelbuk.hu\/wp-content\/uploads\/2021\/02\/buk-parkhotel-okomenikus-kapolna.jpeg\",\"datePublished\":\"2021-03-08T16:17:45+00:00\",\"dateModified\":\"2023-02-23T12:00:16+00:00\",\"author\":{\"@id\":\"https:\/\/parkhotelbuk.hu\/#\/schema\/person\/41ceb0e8195b74cf68e53413c3b1acee\"},\"breadcrumb\":{\"@id\":\"https:\/\/parkhotelbuk.hu\/en\/okomenikus-kapolna\/#breadcrumb\"},\"inLanguage\":\"en-US\",\"potentialAction\":[{\"@type\":\"ReadAction\",\"target\":[\"https:\/\/parkhotelbuk.hu\/en\/okomenikus-kapolna\/\"]}]},{\"@type\":\"ImageObject\",\"inLanguage\":\"en-US\",\"@id\":\"https:\/\/parkhotelbuk.hu\/en\/okomenikus-kapolna\/#primaryimage\",\"url\":\"https:\/\/parkhotelbuk.hu\/wp-content\/uploads\/2021\/02\/buk-parkhotel-okomenikus-kapolna.jpeg\",\"contentUrl\":\"https:\/\/parkhotelbuk.hu\/wp-content\/uploads\/2021\/02\/buk-parkhotel-okomenikus-kapolna.jpeg\",\"width\":1000,\"height\":750,\"caption\":\"\u00d6komenikus k\u00e1polna\"},{\"@type\":\"BreadcrumbList\",\"@id\":\"https:\/\/parkhotelbuk.hu\/en\/okomenikus-kapolna\/#breadcrumb\",\"itemListElement\":[{\"@type\":\"ListItem\",\"position\":1,\"name\":\"Kezd\u0151lap\",\"item\":\"https:\/\/parkhotelbuk.hu\/en\/\"},{\"@type\":\"ListItem\",\"position\":2,\"name\":\"Ecumenical Chapel\"}]},{\"@type\":\"WebSite\",\"@id\":\"https:\/\/parkhotelbuk.hu\/#website\",\"url\":\"https:\/\/parkhotelbuk.hu\/\",\"name\":\"Park Hotel - B\u00fck\",\"description\":\"B\u00fck leg\u00fajabb n\u00e9gycsillagos sz\u00e1llod\u00e1ja\",\"potentialAction\":[{\"@type\":\"SearchAction\",\"target\":{\"@type\":\"EntryPoint\",\"urlTemplate\":\"https:\/\/parkhotelbuk.hu\/?s={search_term_string}\"},\"query-input\":{\"@type\":\"PropertyValueSpecification\",\"valueRequired\":true,\"valueName\":\"search_term_string\"}}],\"inLanguage\":\"en-US\"},{\"@type\":\"Person\",\"@id\":\"https:\/\/parkhotelbuk.hu\/#\/schema\/person\/41ceb0e8195b74cf68e53413c3b1acee\",\"name\":\"Hegyi Tam\u00e1s\",\"image\":{\"@type\":\"ImageObject\",\"inLanguage\":\"en-US\",\"@id\":\"https:\/\/secure.gravatar.com\/avatar\/09dcaf71bb69536a6523e2a77aee4f1dca39e1bc790a71bf3e5e5a72b9a88765?s=96&d=mm&r=g\",\"url\":\"https:\/\/secure.gravatar.com\/avatar\/09dcaf71bb69536a6523e2a77aee4f1dca39e1bc790a71bf3e5e5a72b9a88765?s=96&d=mm&r=g\",\"contentUrl\":\"https:\/\/secure.gravatar.com\/avatar\/09dcaf71bb69536a6523e2a77aee4f1dca39e1bc790a71bf3e5e5a72b9a88765?s=96&d=mm&r=g\",\"caption\":\"Hegyi Tam\u00e1s\"},\"url\":\"https:\/\/parkhotelbuk.hu\/en\/author\/hegyi-tamas\/\"}]}<\/script>\n<!-- \/ Yoast SEO plugin. -->","yoast_head_json":{"title":"Ecumenical Chapel - Park Hotel - B\u00fck","robots":{"index":"index","follow":"follow","max-snippet":"max-snippet:-1","max-image-preview":"max-image-preview:large","max-video-preview":"max-video-preview:-1"},"canonical":"https:\/\/parkhotelbuk.hu\/en\/okomenikus-kapolna\/","og_locale":"en_US","og_type":"article","og_title":"Ecumenical Chapel - Park Hotel - B\u00fck","og_description":"The Ecumenical Chapel in B\u00fckf\u00fcrd\u0151 was consecrated in 2003, and it is Hungary\u2019s only chapel that is not owned by the Church but by a foundation. Mrs. L\u00e1szl\u00f3 Jezierski, Kati, who had the chapel built, trusting in God and earthly supporters, set up a foundation and organized a fundraiser in favor of the building of [&hellip;]","og_url":"https:\/\/parkhotelbuk.hu\/en\/okomenikus-kapolna\/","og_site_name":"Park Hotel - B\u00fck","article_published_time":"2021-03-08T16:17:45+00:00","article_modified_time":"2023-02-23T12:00:16+00:00","og_image":[{"width":1000,"height":750,"url":"https:\/\/parkhotelbuk.hu\/wp-content\/uploads\/2021\/02\/buk-parkhotel-okomenikus-kapolna.jpeg","type":"image\/jpeg"}],"author":"Hegyi Tam\u00e1s","twitter_card":"summary_large_image","twitter_misc":{"Written by":"Hegyi Tam\u00e1s","Est. reading time":"2 minutes"},"schema":{"@context":"https:\/\/schema.org","@graph":[{"@type":"Article","@id":"https:\/\/parkhotelbuk.hu\/en\/okomenikus-kapolna\/#article","isPartOf":{"@id":"https:\/\/parkhotelbuk.hu\/en\/okomenikus-kapolna\/"},"author":{"name":"Hegyi Tam\u00e1s","@id":"https:\/\/parkhotelbuk.hu\/#\/schema\/person\/41ceb0e8195b74cf68e53413c3b1acee"},"headline":"Ecumenical Chapel","datePublished":"2021-03-08T16:17:45+00:00","dateModified":"2023-02-23T12:00:16+00:00","mainEntityOfPage":{"@id":"https:\/\/parkhotelbuk.hu\/en\/okomenikus-kapolna\/"},"wordCount":673,"image":{"@id":"https:\/\/parkhotelbuk.hu\/en\/okomenikus-kapolna\/#primaryimage"},"thumbnailUrl":"https:\/\/parkhotelbuk.hu\/wp-content\/uploads\/2021\/02\/buk-parkhotel-okomenikus-kapolna.jpeg","articleSection":["L\u00e1tnival\u00f3k"],"inLanguage":"en-US"},{"@type":"WebPage","@id":"https:\/\/parkhotelbuk.hu\/en\/okomenikus-kapolna\/","url":"https:\/\/parkhotelbuk.hu\/en\/okomenikus-kapolna\/","name":"Ecumenical Chapel - Park Hotel - B\u00fck","isPartOf":{"@id":"https:\/\/parkhotelbuk.hu\/#website"},"primaryImageOfPage":{"@id":"https:\/\/parkhotelbuk.hu\/en\/okomenikus-kapolna\/#primaryimage"},"image":{"@id":"https:\/\/parkhotelbuk.hu\/en\/okomenikus-kapolna\/#primaryimage"},"thumbnailUrl":"https:\/\/parkhotelbuk.hu\/wp-content\/uploads\/2021\/02\/buk-parkhotel-okomenikus-kapolna.jpeg","datePublished":"2021-03-08T16:17:45+00:00","dateModified":"2023-02-23T12:00:16+00:00","author":{"@id":"https:\/\/parkhotelbuk.hu\/#\/schema\/person\/41ceb0e8195b74cf68e53413c3b1acee"},"breadcrumb":{"@id":"https:\/\/parkhotelbuk.hu\/en\/okomenikus-kapolna\/#breadcrumb"},"inLanguage":"en-US","potentialAction":[{"@type":"ReadAction","target":["https:\/\/parkhotelbuk.hu\/en\/okomenikus-kapolna\/"]}]},{"@type":"ImageObject","inLanguage":"en-US","@id":"https:\/\/parkhotelbuk.hu\/en\/okomenikus-kapolna\/#primaryimage","url":"https:\/\/parkhotelbuk.hu\/wp-content\/uploads\/2021\/02\/buk-parkhotel-okomenikus-kapolna.jpeg","contentUrl":"https:\/\/parkhotelbuk.hu\/wp-content\/uploads\/2021\/02\/buk-parkhotel-okomenikus-kapolna.jpeg","width":1000,"height":750,"caption":"\u00d6komenikus k\u00e1polna"},{"@type":"BreadcrumbList","@id":"https:\/\/parkhotelbuk.hu\/en\/okomenikus-kapolna\/#breadcrumb","itemListElement":[{"@type":"ListItem","position":1,"name":"Kezd\u0151lap","item":"https:\/\/parkhotelbuk.hu\/en\/"},{"@type":"ListItem","position":2,"name":"Ecumenical Chapel"}]},{"@type":"WebSite","@id":"https:\/\/parkhotelbuk.hu\/#website","url":"https:\/\/parkhotelbuk.hu\/","name":"Park Hotel - B\u00fck","description":"B\u00fck leg\u00fajabb n\u00e9gycsillagos sz\u00e1llod\u00e1ja","potentialAction":[{"@type":"SearchAction","target":{"@type":"EntryPoint","urlTemplate":"https:\/\/parkhotelbuk.hu\/?s={search_term_string}"},"query-input":{"@type":"PropertyValueSpecification","valueRequired":true,"valueName":"search_term_string"}}],"inLanguage":"en-US"},{"@type":"Person","@id":"https:\/\/parkhotelbuk.hu\/#\/schema\/person\/41ceb0e8195b74cf68e53413c3b1acee","name":"Hegyi Tam\u00e1s","image":{"@type":"ImageObject","inLanguage":"en-US","@id":"https:\/\/secure.gravatar.com\/avatar\/09dcaf71bb69536a6523e2a77aee4f1dca39e1bc790a71bf3e5e5a72b9a88765?s=96&d=mm&r=g","url":"https:\/\/secure.gravatar.com\/avatar\/09dcaf71bb69536a6523e2a77aee4f1dca39e1bc790a71bf3e5e5a72b9a88765?s=96&d=mm&r=g","contentUrl":"https:\/\/secure.gravatar.com\/avatar\/09dcaf71bb69536a6523e2a77aee4f1dca39e1bc790a71bf3e5e5a72b9a88765?s=96&d=mm&r=g","caption":"Hegyi Tam\u00e1s"},"url":"https:\/\/parkhotelbuk.hu\/en\/author\/hegyi-tamas\/"}]}},"_links":{"self":[{"href":"https:\/\/parkhotelbuk.hu\/en\/wp-json\/wp\/v2\/posts\/3979","targetHints":{"allow":["GET"]}}],"collection":[{"href":"https:\/\/parkhotelbuk.hu\/en\/wp-json\/wp\/v2\/posts"}],"about":[{"href":"https:\/\/parkhotelbuk.hu\/en\/wp-json\/wp\/v2\/types\/post"}],"author":[{"embeddable":true,"href":"https:\/\/parkhotelbuk.hu\/en\/wp-json\/wp\/v2\/users\/3"}],"replies":[{"embeddable":true,"href":"https:\/\/parkhotelbuk.hu\/en\/wp-json\/wp\/v2\/comments?post=3979"}],"version-history":[{"count":0,"href":"https:\/\/parkhotelbuk.hu\/en\/wp-json\/wp\/v2\/posts\/3979\/revisions"}],"wp:featuredmedia":[{"embeddable":true,"href":"https:\/\/parkhotelbuk.hu\/en\/wp-json\/wp\/v2\/media\/3980"}],"wp:attachment":[{"href":"https:\/\/parkhotelbuk.hu\/en\/wp-json\/wp\/v2\/media?parent=3979"}],"wp:term":[{"taxonomy":"category","embeddable":true,"href":"https:\/\/parkhotelbuk.hu\/en\/wp-json\/wp\/v2\/categories?post=3979"},{"taxonomy":"post_tag","embeddable":true,"href":"https:\/\/parkhotelbuk.hu\/en\/wp-json\/wp\/v2\/tags?post=3979"}],"curies":[{"name":"wp","href":"https:\/\/api.w.org\/{rel}","templated":true}]}}