{"id":4444,"date":"2021-03-10T14:30:48","date_gmt":"2021-03-10T13:30:48","guid":{"rendered":"https:\/\/parkhotelbuk.hu\/szombathely\/"},"modified":"2023-02-23T13:36:10","modified_gmt":"2023-02-23T12:36:10","slug":"szombathely","status":"publish","type":"post","link":"https:\/\/parkhotelbuk.hu\/de\/szombathely\/","title":{"rendered":"Szombathely"},"content":{"rendered":"<p>[et_pb_section fb_built=&#8220;1&#8243; fullwidth=&#8220;on&#8220; admin_label=&#8220;Szakasz&#8220; _builder_version=&#8220;4.16&#8243; _module_preset=&#8220;default&#8220; custom_margin=&#8220;||||false|false&#8220; top_divider_height=&#8220;49px&#8220; saved_tabs=&#8220;all&#8220; global_colors_info=&#8220;{}&#8220;][et_pb_fullwidth_post_title meta=&#8220;off&#8220; featured_placement=&#8220;background&#8220; _builder_version=&#8220;4.20.0&#8243; _module_preset=&#8220;default&#8220; title_font=&#8220;||||||||&#8220; title_text_align=&#8220;center&#8220; title_text_color=&#8220;#ffffff&#8220; title_letter_spacing=&#8220;6px&#8220; background_color=&#8220;rgba(84,84,84,0.54)&#8220; use_background_color_gradient=&#8220;on&#8220; background_color_gradient_stops=&#8220;#5a9612 0%|rgba(0,0,0,0.42) 40%&#8220; background_color_gradient_overlays_image=&#8220;on&#8220; background_color_gradient_start=&#8220;#5a9612&#8243; background_color_gradient_end=&#8220;rgba(0,0,0,0.42)&#8220; background_color_gradient_end_position=&#8220;40%&#8220; background_image=&#8220;https:\/\/parkhotelbuk.hu\/wp-content\/uploads\/2021\/03\/buk-parkhotel-kultura-szinhaz-programok-2.jpg&#8220; min_height=&#8220;70vh&#8220; min_height_tablet=&#8220;&#8220; min_height_phone=&#8220;&#8220; min_height_last_edited=&#8220;on|desktop&#8220; custom_margin=&#8220;0px||||false|false&#8220; custom_padding=&#8220;50vh||||false|false&#8220; filter_saturate=&#8220;133%&#8220; filter_brightness=&#8220;108%&#8220; filter_invert=&#8220;8%&#8220; filter_sepia=&#8220;7%&#8220; hover_enabled=&#8220;0&#8243; title_text_shadow_style=&#8220;preset5&#8243; title_text_shadow_blur_strength=&#8220;0.08em&#8220; title_text_shadow_color=&#8220;#000000&#8243; global_colors_info=&#8220;{}&#8220; sticky_enabled=&#8220;0&#8243;][\/et_pb_fullwidth_post_title][\/et_pb_section][et_pb_section fb_built=&#8220;1&#8243; _builder_version=&#8220;4.16&#8243; _module_preset=&#8220;default&#8220; global_colors_info=&#8220;{}&#8220;][et_pb_row _builder_version=&#8220;4.16&#8243; _module_preset=&#8220;default&#8220; width=&#8220;85%&#8220; max_width=&#8220;100%&#8220; min_height=&#8220;220px&#8220; custom_css_main_element=&#8220;display: flex;||align-items: center;&#8220; global_colors_info=&#8220;{}&#8220; custom_css_main_element_tablet=&#8220;display:block&#8220; custom_css_main_element_phone=&#8220;display: block&#8220; custom_css_main_element_last_edited=&#8220;on|tablet&#8220;][et_pb_column type=&#8220;4_4&#8243; _builder_version=&#8220;4.16&#8243; _module_preset=&#8220;default&#8220; global_colors_info=&#8220;{}&#8220;][et_pb_text _builder_version=&#8220;4.16&#8243; _module_preset=&#8220;default&#8220; text_orientation=&#8220;justified&#8220; global_colors_info=&#8220;{}&#8220;]<\/p>\n<p>Nach einer 30-min\u00fctigen Fahrt vom Kurort erreicht man den Sitz des Komitats. Die Stadt ist reich an historischen Denkm\u00e4lern, insbesondere aus der R\u00f6merzeit. Die mit Abstand bekannteste Attraktion der Stadt ist der Savaria-Karneval, der an die r\u00f6mischen Wurzeln erinnern soll und j\u00e4rlich im August stattfindet. Man sollte aber die Stadt nicht nur zu dieser Zeit besuchen, denn es hat ein pulsierendes Kulturleben, die Restaurants und Theater bieten fast jeden Tag etwas zu erleben an.\u00a0<\/p>\n<p>[\/et_pb_text][et_pb_text _builder_version=&#8220;4.20.0&#8243; _module_preset=&#8220;default&#8220; header_2_font=&#8220;||||||||&#8220; header_2_text_align=&#8220;center&#8220; header_2_text_color=&#8220;#8DCE71&#8243; header_2_letter_spacing=&#8220;3px&#8220; text_orientation=&#8220;justified&#8220; hover_enabled=&#8220;0&#8243; locked=&#8220;off&#8220; global_colors_info=&#8220;{}&#8220; sticky_enabled=&#8220;0&#8243;]<\/p>\n<h2>Szombathely<\/h2>\n<p>Die fast 2000-j\u00e4hrige Geschichte von Savaria-Szombathely ist einzigartig in Ungarn, da sie die einzige Stadt im Karpatenbecken ist, die seit ihrer Gr\u00fcndung durch die R\u00f6mer ununterbrochen bewohnt war. Die Stadt, liegt an der damaligen Bernsteinstra\u00dfe und wurde um 50 n. Chr. von Kaiser Claudius kolonisiert. Diese historische Vorgeschichte pr\u00e4gt bis heute das Leben der Meschen in der Stadt.<\/p>\n<p>[\/et_pb_text][\/et_pb_column][\/et_pb_row][et_pb_row column_structure=&#8220;2_3,1_3&#8243; _builder_version=&#8220;4.16&#8243; _module_preset=&#8220;default&#8220; width=&#8220;85%&#8220; max_width=&#8220;100%&#8220; min_height=&#8220;220px&#8220; global_colors_info=&#8220;{}&#8220; custom_css_main_element_last_edited=&#8220;on|tablet&#8220; custom_css_main_element_phone=&#8220;display: block&#8220; custom_css_main_element_tablet=&#8220;display:block&#8220;][et_pb_column type=&#8220;2_3&#8243; _builder_version=&#8220;4.16&#8243; _module_preset=&#8220;default&#8220; custom_css_main_element=&#8220;overflow: hidden;&#8220; global_colors_info=&#8220;{}&#8220;][et_pb_text _builder_version=&#8220;4.16&#8243; _module_preset=&#8220;default&#8220; text_orientation=&#8220;justified&#8220; locked=&#8220;off&#8220; global_colors_info=&#8220;{}&#8220;]<\/p>\n<p>Die Stadt hat aber nicht nur eine faszinierende Vergangenheit, sondern auch eine sehr sch\u00f6ne Gegenwart und eine reiche Zukunft. Das vielleicht wichtigste Symbol von Szombathely ist das Isis-Heiligtum im Iseum, welches ein Beispiel von r\u00f6mischen Monumenten der Stadt ist. Zwischen den wundersch\u00f6n restaurierten korinthischen S\u00e4ulen finden heute Konzerte klassischer Musik statt: die Auff\u00fchrung der Zauberfl\u00f6te inmitten der Ruinen des Isis-Heiligtums, bei der der Chor unter dem sommerlichen Sternenhimmel singt, vermittelt ein Gef\u00fchl der magischen Rituale vergangener Zeiten. Und mit Mozarts Musik l\u00e4\u00dft man sich vom r\u00f6mischen Savaria hin zum barocken Szombathely f\u00fchren.<\/p>\n<p>[\/et_pb_text][\/et_pb_column][et_pb_column type=&#8220;1_3&#8243; _builder_version=&#8220;4.16&#8243; _module_preset=&#8220;default&#8220; custom_css_main_element=&#8220;overflow: hidden;&#8220; global_colors_info=&#8220;{}&#8220;][et_pb_image src=&#8220;https:\/\/parkhotelbuk.hu\/wp-content\/uploads\/2021\/02\/parkhotel-buk-szombathely-makettvaros-iseum-1.jpg&#8220; alt=&#8220;Isis-szent\u00e9ly&#8220; title_text=&#8220;Isis-szent\u00e9ly&#8220; show_in_lightbox=&#8220;on&#8220; force_fullwidth=&#8220;on&#8220; _builder_version=&#8220;4.16&#8243; _module_preset=&#8220;default&#8220; filter_saturate=&#8220;127%&#8220; filter_brightness=&#8220;110%&#8220; filter_invert=&#8220;7%&#8220; filter_sepia=&#8220;3%&#8220; custom_css_main_element=&#8220;transition: transform .5s ease;&#8220; box_shadow_style=&#8220;preset6&#8243; box_shadow_blur=&#8220;9px&#8220; box_shadow_spread=&#8220;4px&#8220; locked=&#8220;off&#8220; global_colors_info=&#8220;{}&#8220; custom_css_main_element__hover=&#8220;transform: scale(1.2);&#8220; custom_css_main_element__hover_enabled=&#8220;on|hover&#8220;][\/et_pb_image][et_pb_text _builder_version=&#8220;4.16&#8243; _module_preset=&#8220;default&#8220; text_font_size=&#8220;27px&#8220; header_2_font=&#8220;Bebas Neue||||||||&#8220; header_2_text_color=&#8220;#ffffff&#8220; custom_margin=&#8220;-100px||||false|false&#8220; custom_padding=&#8220;|||30px|false|false&#8220; header_2_text_shadow_style=&#8220;preset1&#8243; header_2_text_shadow_vertical_length=&#8220;0.09em&#8220; header_2_text_shadow_blur_strength=&#8220;0.11em&#8220; header_2_text_shadow_color=&#8220;#000000&#8243; locked=&#8220;off&#8220; global_colors_info=&#8220;{}&#8220; transform_styles__hover_enabled=&#8220;on|hover&#8220; transform_scale__hover_enabled=&#8220;on|hover&#8220; transform_translate__hover_enabled=&#8220;on|desktop&#8220; transform_rotate__hover_enabled=&#8220;on|desktop&#8220; transform_skew__hover_enabled=&#8220;on|desktop&#8220; transform_origin__hover_enabled=&#8220;on|desktop&#8220; transform_scale__hover=&#8220;95%|95%&#8220;]<\/p>\n<h2>Isis-Heiligtum<\/h2>\n<p>[\/et_pb_text][et_pb_text _builder_version=&#8220;4.16&#8243; _module_preset=&#8220;default&#8220; text_font_size=&#8220;18px&#8220; text_line_height=&#8220;1.2em&#8220; background_color=&#8220;#ffefd6&#8243; custom_margin=&#8220;-25px||||false|false&#8220; custom_padding=&#8220;10px|10px|10px|10px|false|false&#8220; border_color_all=&#8220;#d6d6d6&#8243; border_width_right=&#8220;1px&#8220; border_width_bottom=&#8220;1px&#8220; border_width_left=&#8220;1px&#8220; locked=&#8220;off&#8220; global_colors_info=&#8220;{}&#8220;]<\/p>\n<p>Szombathely, die \u00e4lteste durchgehend bewohnte Siedlung in Ungarn<\/p>\n<p>[\/et_pb_text][\/et_pb_column][\/et_pb_row][et_pb_row column_structure=&#8220;1_3,2_3&#8243; _builder_version=&#8220;4.16&#8243; _module_preset=&#8220;default&#8220; width=&#8220;85%&#8220; max_width=&#8220;100%&#8220; min_height=&#8220;220px&#8220; global_colors_info=&#8220;{}&#8220; custom_css_main_element_last_edited=&#8220;on|tablet&#8220; custom_css_main_element_phone=&#8220;display: block&#8220; custom_css_main_element_tablet=&#8220;display:block&#8220;][et_pb_column type=&#8220;1_3&#8243; _builder_version=&#8220;4.16&#8243; _module_preset=&#8220;default&#8220; custom_css_main_element=&#8220;overflow: hidden;&#8220; global_colors_info=&#8220;{}&#8220;][et_pb_image src=&#8220;https:\/\/parkhotelbuk.hu\/wp-content\/uploads\/2021\/02\/parkhotel-buk-szombathely-foter-22.jpg&#8220; alt=&#8220;Szombathely f\u0151tere&#8220; title_text=&#8220;Szombathely f\u0151tere&#8220; show_in_lightbox=&#8220;on&#8220; force_fullwidth=&#8220;on&#8220; _builder_version=&#8220;4.16&#8243; _module_preset=&#8220;default&#8220; filter_saturate=&#8220;127%&#8220; filter_brightness=&#8220;110%&#8220; filter_invert=&#8220;7%&#8220; filter_sepia=&#8220;3%&#8220; custom_css_main_element=&#8220;transition: transform .5s ease;&#8220; box_shadow_style=&#8220;preset6&#8243; box_shadow_blur=&#8220;9px&#8220; box_shadow_spread=&#8220;4px&#8220; global_colors_info=&#8220;{}&#8220; custom_css_main_element__hover=&#8220;transform: scale(1.2);&#8220; custom_css_main_element__hover_enabled=&#8220;on|hover&#8220;][\/et_pb_image][et_pb_text _builder_version=&#8220;4.16&#8243; _module_preset=&#8220;default&#8220; header_2_font=&#8220;Bebas Neue||||||||&#8220; header_2_text_color=&#8220;#ffffff&#8220; custom_margin=&#8220;-100px||||false|false&#8220; custom_padding=&#8220;|||30px|false|false&#8220; header_2_text_shadow_style=&#8220;preset1&#8243; header_2_text_shadow_vertical_length=&#8220;0.09em&#8220; header_2_text_shadow_blur_strength=&#8220;0.11em&#8220; header_2_text_shadow_color=&#8220;#000000&#8243; locked=&#8220;off&#8220; global_colors_info=&#8220;{}&#8220; transform_styles__hover_enabled=&#8220;on|hover&#8220; transform_scale__hover_enabled=&#8220;on|hover&#8220; transform_translate__hover_enabled=&#8220;on|desktop&#8220; transform_rotate__hover_enabled=&#8220;on|desktop&#8220; transform_skew__hover_enabled=&#8220;on|desktop&#8220; transform_origin__hover_enabled=&#8220;on|desktop&#8220; transform_scale__hover=&#8220;95%|95%&#8220;]<\/p>\n<h2>Hauptplatz<\/h2>\n<p>[\/et_pb_text][et_pb_text _builder_version=&#8220;4.16&#8243; _module_preset=&#8220;default&#8220; text_font_size=&#8220;18px&#8220; text_line_height=&#8220;1.2em&#8220; background_color=&#8220;#ffefd6&#8243; custom_margin=&#8220;-25px||||false|false&#8220; custom_padding=&#8220;10px|10px|10px|10px|false|false&#8220; border_color_all=&#8220;#d6d6d6&#8243; border_width_right=&#8220;1px&#8220; border_width_bottom=&#8220;1px&#8220; border_width_left=&#8220;1px&#8220; locked=&#8220;off&#8220; global_colors_info=&#8220;{}&#8220;]<\/p>\n<p>Der Hauptplatz mit seinen Caf\u00e9s und dem pulsierenden Leben ist das wirkliche Herz der Stadt<\/p>\n<p>[\/et_pb_text][\/et_pb_column][et_pb_column type=&#8220;2_3&#8243; _builder_version=&#8220;4.16&#8243; _module_preset=&#8220;default&#8220; global_colors_info=&#8220;{}&#8220;][et_pb_text _builder_version=&#8220;4.16&#8243; _module_preset=&#8220;default&#8220; text_orientation=&#8220;justified&#8220; global_colors_info=&#8220;{}&#8220;]<\/p>\n<p>Der Hauptplatz der Stadt ist auch das intellektuelle und kulturelle Zentrum des \u00f6rtlichen Lebens, mit vielen Geb\u00e4uden im neoklassizistischen, barocken und eklektischen Stil. Es lohnt sich, die Filiale der OTP-Bank zu besuchen, wo man \u00fcber Glasbausteine spazieren kann und darunter die noch erhaltenen und restaurierten Teile der antiken Stadt sehen kann.<br \/>Werfen wir nach den r\u00f6mischen Relikten einen Blick auf den von Bischof J\u00e1nos Szily erbauten Bischofspalast und die daneben hochragende Kathedrale \u2013 die gr\u00f6\u00dfte des Komitats und die drittgr\u00f6\u00dfte des Landes. Die beiden Geb\u00e4ude illustrieren die religi\u00f6se Kultur des Komitats Vas und haben eine h\u00f6chst imposante Erscheinung.<\/p>\n<p>Die Atmosph\u00e4re des Hauptplatzes, des Berzsenyi-Platzes und der Szily-J\u00e1nos-Stra\u00dfe gibt einen echten Einblick in das Leben des historischen Stadtzentrums.<\/p>\n<p>[\/et_pb_text][\/et_pb_column][\/et_pb_row][et_pb_row column_structure=&#8220;2_3,1_3&#8243; _builder_version=&#8220;4.16&#8243; _module_preset=&#8220;default&#8220; width=&#8220;85%&#8220; max_width=&#8220;100%&#8220; min_height=&#8220;220px&#8220; global_colors_info=&#8220;{}&#8220; custom_css_main_element_last_edited=&#8220;on|tablet&#8220; custom_css_main_element_phone=&#8220;display: block&#8220; custom_css_main_element_tablet=&#8220;display:block&#8220;][et_pb_column type=&#8220;2_3&#8243; _builder_version=&#8220;4.16&#8243; _module_preset=&#8220;default&#8220; global_colors_info=&#8220;{}&#8220;][et_pb_text _builder_version=&#8220;4.16&#8243; _module_preset=&#8220;default&#8220; text_orientation=&#8220;justified&#8220; locked=&#8220;off&#8220; global_colors_info=&#8220;{}&#8220;]<\/p>\n<p>Liebhaber unber\u00fchrter Natur werden vom Rudersee und seiner Umgebung verzaubert.<\/p>\n<p>Nahe zum Rudersee k\u00f6nnen wir das Freilichtmuseummit betrachten, in denen traditionelle H\u00e4user aus dem 18. und 19. Jahrhundert vorzufinden sind. Die Geb\u00e4ude stammen urspr\u00fcnglich von verschiedenen Regionen und wurden hier rekonstruiert. Das daraus entstandene Dorfmuseum ist Schauplatz zahlreicher Veranstaltungen und Feste, bietet aber auch an einem \u201enormalen\u201c Wochentag ein \u00fcberdurchschnittliches Erlebnis.<br \/>Ebenfalls naturverbunden ist das in einem Vorort versteckte K\u00e1moni Arboretum, dessen Hauptattraktion der sogenannte Dendrocolor-Felsengarten ist, der aus einer bunten Sammlung von Pflanzen besteht. Die stimmungsvolle Gartenanlage ist beliebt f\u00fcr Picknicks, Spazierg\u00e4nge und zum Joggen.<\/p>\n<p>[\/et_pb_text][\/et_pb_column][et_pb_column type=&#8220;1_3&#8243; _builder_version=&#8220;4.16&#8243; _module_preset=&#8220;default&#8220; custom_css_main_element=&#8220;overflow: hidden;&#8220; global_colors_info=&#8220;{}&#8220;][et_pb_image src=&#8220;https:\/\/parkhotelbuk.hu\/wp-content\/uploads\/2021\/02\/parkhotel-buk-csonakazoto.jpg&#8220; alt=&#8220;Cs\u00f3nak\u00e1z\u00f3 t\u00f3&#8220; title_text=&#8220;Cs\u00f3nak\u00e1z\u00f3 t\u00f3&#8220; show_in_lightbox=&#8220;on&#8220; force_fullwidth=&#8220;on&#8220; _builder_version=&#8220;4.16&#8243; _module_preset=&#8220;default&#8220; filter_saturate=&#8220;127%&#8220; filter_brightness=&#8220;110%&#8220; filter_invert=&#8220;7%&#8220; filter_sepia=&#8220;3%&#8220; custom_css_main_element=&#8220;transition: transform .5s ease;&#8220; box_shadow_style=&#8220;preset6&#8243; box_shadow_blur=&#8220;9px&#8220; box_shadow_spread=&#8220;4px&#8220; locked=&#8220;off&#8220; global_colors_info=&#8220;{}&#8220; custom_css_main_element__hover=&#8220;transform: scale(1.2);&#8220; custom_css_main_element__hover_enabled=&#8220;on|hover&#8220;][\/et_pb_image][et_pb_text _builder_version=&#8220;4.16&#8243; _module_preset=&#8220;default&#8220; header_2_font=&#8220;Bebas Neue||||||||&#8220; header_2_text_color=&#8220;#ffffff&#8220; custom_margin=&#8220;-100px||||false|false&#8220; custom_padding=&#8220;|||30px|false|false&#8220; header_2_text_shadow_style=&#8220;preset1&#8243; header_2_text_shadow_vertical_length=&#8220;0.09em&#8220; header_2_text_shadow_blur_strength=&#8220;0.11em&#8220; header_2_text_shadow_color=&#8220;#000000&#8243; locked=&#8220;off&#8220; global_colors_info=&#8220;{}&#8220; transform_styles__hover_enabled=&#8220;on|hover&#8220; transform_scale__hover_enabled=&#8220;on|hover&#8220; transform_translate__hover_enabled=&#8220;on|desktop&#8220; transform_rotate__hover_enabled=&#8220;on|desktop&#8220; transform_skew__hover_enabled=&#8220;on|desktop&#8220; transform_origin__hover_enabled=&#8220;on|desktop&#8220; transform_scale__hover=&#8220;95%|95%&#8220;]<\/p>\n<h2>Rudersee<\/h2>\n<p>[\/et_pb_text][et_pb_text _builder_version=&#8220;4.16&#8243; _module_preset=&#8220;default&#8220; text_font_size=&#8220;18px&#8220; text_line_height=&#8220;1.2em&#8220; background_color=&#8220;#ffefd6&#8243; custom_margin=&#8220;-25px||||false|false&#8220; custom_padding=&#8220;10px|10px|10px|10px|false|false&#8220; border_color_all=&#8220;#d6d6d6&#8243; border_width_right=&#8220;1px&#8220; border_width_bottom=&#8220;1px&#8220; border_width_left=&#8220;1px&#8220; locked=&#8220;off&#8220; global_colors_info=&#8220;{}&#8220;]<\/p>\n<p>Lediglich einen Katzensprung vom Stadtzentrum entfernt befinden wir uns hier in einem wahrhaft gr\u00fcnen Paradies.<\/p>\n<p>[\/et_pb_text][\/et_pb_column][\/et_pb_row][et_pb_row column_structure=&#8220;1_3,2_3&#8243; _builder_version=&#8220;4.16&#8243; _module_preset=&#8220;default&#8220; width=&#8220;85%&#8220; max_width=&#8220;100%&#8220; min_height=&#8220;220px&#8220; global_colors_info=&#8220;{}&#8220; custom_css_main_element_last_edited=&#8220;on|tablet&#8220; custom_css_main_element_phone=&#8220;display: block&#8220; custom_css_main_element_tablet=&#8220;display:block&#8220;][et_pb_column type=&#8220;1_3&#8243; _builder_version=&#8220;4.16&#8243; _module_preset=&#8220;default&#8220; custom_css_main_element=&#8220;overflow: hidden;&#8220; global_colors_info=&#8220;{}&#8220;][et_pb_image src=&#8220;https:\/\/parkhotelbuk.hu\/wp-content\/uploads\/2021\/02\/parkhotel-buk-karneval.jpg&#8220; alt=&#8220;Savaria T\u00f6rt\u00e9nelmi Karnev\u00e1l&#8220; title_text=&#8220;Savaria T\u00f6rt\u00e9nelmi Karnev\u00e1l&#8220; show_in_lightbox=&#8220;on&#8220; force_fullwidth=&#8220;on&#8220; _builder_version=&#8220;4.16&#8243; _module_preset=&#8220;default&#8220; filter_saturate=&#8220;127%&#8220; filter_brightness=&#8220;110%&#8220; filter_invert=&#8220;7%&#8220; filter_sepia=&#8220;3%&#8220; custom_css_main_element=&#8220;transition: transform .5s ease;&#8220; box_shadow_style=&#8220;preset6&#8243; box_shadow_blur=&#8220;9px&#8220; box_shadow_spread=&#8220;4px&#8220; global_colors_info=&#8220;{}&#8220; custom_css_main_element__hover=&#8220;transform: scale(1.2);&#8220; custom_css_main_element__hover_enabled=&#8220;on|hover&#8220;][\/et_pb_image][et_pb_text _builder_version=&#8220;4.16&#8243; _module_preset=&#8220;default&#8220; header_2_font=&#8220;Bebas Neue||||||||&#8220; header_2_text_color=&#8220;#ffffff&#8220; custom_margin=&#8220;-100px||||false|false&#8220; custom_padding=&#8220;|||30px|false|false&#8220; header_2_text_shadow_style=&#8220;preset1&#8243; header_2_text_shadow_vertical_length=&#8220;0.09em&#8220; header_2_text_shadow_blur_strength=&#8220;0.11em&#8220; header_2_text_shadow_color=&#8220;#000000&#8243; locked=&#8220;off&#8220; global_colors_info=&#8220;{}&#8220; transform_styles__hover_enabled=&#8220;on|hover&#8220; transform_scale__hover_enabled=&#8220;on|hover&#8220; transform_translate__hover_enabled=&#8220;on|desktop&#8220; transform_rotate__hover_enabled=&#8220;on|desktop&#8220; transform_skew__hover_enabled=&#8220;on|desktop&#8220; transform_origin__hover_enabled=&#8220;on|desktop&#8220; transform_scale__hover=&#8220;95%|95%&#8220;]<\/p>\n<h2>Savaria-Karneval<\/h2>\n<p>[\/et_pb_text][et_pb_text _builder_version=&#8220;4.16&#8243; _module_preset=&#8220;default&#8220; text_font_size=&#8220;18px&#8220; text_line_height=&#8220;1.2em&#8220; background_color=&#8220;#ffefd6&#8243; custom_margin=&#8220;-25px||||false|false&#8220; custom_padding=&#8220;10px|10px|10px|10px|false|false&#8220; border_color_all=&#8220;#d6d6d6&#8243; border_width_right=&#8220;1px&#8220; border_width_bottom=&#8220;1px&#8220; border_width_left=&#8220;1px&#8220; locked=&#8220;off&#8220; global_colors_info=&#8220;{}&#8220;]<\/p>\n<p>Es ist der beliebteste und ber\u00fchmteste historische Karneval in Ungarn.<\/p>\n<p>[\/et_pb_text][\/et_pb_column][et_pb_column type=&#8220;2_3&#8243; _builder_version=&#8220;4.16&#8243; _module_preset=&#8220;default&#8220; global_colors_info=&#8220;{}&#8220;][et_pb_text _builder_version=&#8220;4.16&#8243; _module_preset=&#8220;default&#8220; text_orientation=&#8220;justified&#8220; global_colors_info=&#8220;{}&#8220;]<\/p>\n<p>Neben den Schilderungen zum Bau- und Naturerbe lohnt es sich, auch noch ein paar Worte \u00fcber den Savaria-Karneval zu sagen, der die wichtigsten Ereignisse und Epochen der fast zweitausendj\u00e4hrigen Geschichte der Stadt lebendig macht. Die Veranstaltung lockt j\u00e4hrlich Zehntausende von Besuchern an und ist auch \u00f6betr die Landesgrenzen bekannt. Es ist \u00e4u\u00dferst reich an Attraktionen und Abenteuern. Es ist das perfekte Programm f\u00fcr Jung und Alt &#8211; f\u00fcr all diejenigen, die kulturelle Unterhaltung suchen.<\/p>\n<p>VORSICHT! Es ist ein besonderes touristisches Eregnis, daher sollten Sie rechtzeitig Ihren Unterkunft buchen!<\/p>\n<p>[\/et_pb_text][\/et_pb_column][\/et_pb_row][et_pb_row _builder_version=&#8220;4.16&#8243; _module_preset=&#8220;default&#8220; width=&#8220;85%&#8220; max_width=&#8220;100%&#8220; global_colors_info=&#8220;{}&#8220; custom_css_main_element_tablet=&#8220;display:block&#8220; custom_css_main_element_phone=&#8220;display: block&#8220; custom_css_main_element_last_edited=&#8220;on|tablet&#8220;][et_pb_column type=&#8220;4_4&#8243; _builder_version=&#8220;4.16&#8243; _module_preset=&#8220;default&#8220; global_colors_info=&#8220;{}&#8220;][et_pb_text _builder_version=&#8220;4.16&#8243; _module_preset=&#8220;default&#8220; text_orientation=&#8220;justified&#8220; global_colors_info=&#8220;{}&#8220;]<\/p>\n<p>Die \u201eK\u00f6nigin des Westens\u201c (Szombathely) ist vor allem wegen der tollen familienfreundlichen Programme ein attraktives Ausflugsziel, aber auch f\u00fcr Natur- und\u00a0 Geschichteliebhaber kann die Stadt vieles bieten. Die Stadt ist 30 Minuten von B\u00fck entfernt.<\/p>\n<p>[\/et_pb_text][\/et_pb_column][\/et_pb_row][et_pb_row _builder_version=&#8220;4.16&#8243; _module_preset=&#8220;default&#8220; width=&#8220;85%&#8220; max_width=&#8220;100%&#8220; min_height=&#8220;220px&#8220; locked=&#8220;off&#8220; global_colors_info=&#8220;{}&#8220;][et_pb_column type=&#8220;4_4&#8243; _builder_version=&#8220;4.16&#8243; _module_preset=&#8220;default&#8220; global_colors_info=&#8220;{}&#8220;][et_pb_image src=&#8220;https:\/\/parkhotelbuk.hu\/wp-content\/uploads\/2021\/02\/bukparkhotel-szombathely.jpg&#8220; alt=&#8220;Szombathely&#8220; title_text=&#8220;Szombathely&#8220; show_in_lightbox=&#8220;on&#8220; force_fullwidth=&#8220;on&#8220; _builder_version=&#8220;4.16&#8243; _module_preset=&#8220;default&#8220; module_alignment=&#8220;right&#8220; height_tablet=&#8220;&#8220; height_phone=&#8220;&#8220; height_last_edited=&#8220;on|tablet&#8220; filter_saturate=&#8220;131%&#8220; filter_brightness=&#8220;110%&#8220; filter_contrast=&#8220;90%&#8220; box_shadow_style=&#8220;preset6&#8243; box_shadow_color=&#8220;#000000&#8243; global_colors_info=&#8220;{}&#8220;][\/et_pb_image][\/et_pb_column][\/et_pb_row][et_pb_row column_structure=&#8220;1_2,1_2&#8243; _builder_version=&#8220;4.16&#8243; _module_preset=&#8220;default&#8220; width=&#8220;85%&#8220; max_width=&#8220;100%&#8220; min_height=&#8220;220px&#8220; locked=&#8220;off&#8220; global_colors_info=&#8220;{}&#8220;][et_pb_column type=&#8220;1_2&#8243; _builder_version=&#8220;4.16&#8243; _module_preset=&#8220;default&#8220; global_colors_info=&#8220;{}&#8220;][et_pb_text _builder_version=&#8220;4.20.0&#8243; _module_preset=&#8220;default&#8220; header_3_font=&#8220;Bebas Neue||||||||&#8220; header_3_text_color=&#8220;#8DCE71&#8243; header_3_font_size=&#8220;36px&#8220; text_orientation=&#8220;center&#8220; max_width_tablet=&#8220;&#8220; max_width_phone=&#8220;98%&#8220; max_width_last_edited=&#8220;on|phone&#8220; hover_enabled=&#8220;0&#8243; global_colors_info=&#8220;{}&#8220; sticky_enabled=&#8220;0&#8243;]<\/p>\n<h3 style=\"text-align: center;\"><img loading=\"lazy\" decoding=\"async\" class=\"alignnone wp-image-1660 \" src=\"https:\/\/parkhotelbuk.hu\/wp-content\/uploads\/2021\/03\/buk-utazas-kisauto-logo-4-300x104.png\" alt=\"\" width=\"262\" height=\"91\" \/> \u00a0<strong>27 km &#8211; 30 minuten<\/strong><\/h3>\n<p>[\/et_pb_text][\/et_pb_column][et_pb_column type=&#8220;1_2&#8243; _builder_version=&#8220;4.16&#8243; _module_preset=&#8220;default&#8220; global_colors_info=&#8220;{}&#8220;][et_pb_image src=&#8220;https:\/\/parkhotelbuk.hu\/wp-content\/uploads\/2021\/03\/buk-szombathely-terkep3.jpg&#8220; alt=&#8220;B\u00fck &#8211; Szombathely t\u00e1vols\u00e1g&#8220; title_text=&#8220;B\u00fck &#8211; Szombathely t\u00e1vols\u00e1g&#8220; show_in_lightbox=&#8220;on&#8220; align=&#8220;right&#8220; force_fullwidth=&#8220;on&#8220; _builder_version=&#8220;4.16&#8243; _module_preset=&#8220;default&#8220; custom_margin=&#8220;-250px||||false|false&#8220; custom_margin_tablet=&#8220;0px||||false|false&#8220; custom_margin_phone=&#8220;&#8220; custom_margin_last_edited=&#8220;on|tablet&#8220; custom_padding=&#8220;|50px|||false|false&#8220; custom_padding_tablet=&#8220;|0px|||false|false&#8220; custom_padding_phone=&#8220;&#8220; custom_padding_last_edited=&#8220;on|desktop&#8220; box_shadow_style=&#8220;preset6&#8243; box_shadow_color=&#8220;#000000&#8243; global_colors_info=&#8220;{}&#8220;][\/et_pb_image][\/et_pb_column][\/et_pb_row][et_pb_row _builder_version=&#8220;4.16&#8243; _module_preset=&#8220;default&#8220; width=&#8220;85%&#8220; max_width=&#8220;1600px&#8220; border_color_all=&#8220;#d6d6d6&#8243; border_width_top=&#8220;2px&#8220; global_colors_info=&#8220;{}&#8220;][et_pb_column type=&#8220;4_4&#8243; _builder_version=&#8220;4.16&#8243; _module_preset=&#8220;default&#8220; global_colors_info=&#8220;{}&#8220;][et_pb_text _builder_version=&#8220;4.20.0&#8243; _module_preset=&#8220;default&#8220; header_text_color=&#8220;#5b8500&#8243; header_2_font=&#8220;||||||||&#8220; header_2_text_color=&#8220;#8DCE71&#8243; hover_enabled=&#8220;0&#8243; global_colors_info=&#8220;{}&#8220; sticky_enabled=&#8220;0&#8243;]<\/p>\n<h2 style=\"text-align: center;\">Haben Sie es schon gelesen?<\/h2>\n<p>[\/et_pb_text][et_pb_post_slider posts_number=&#8220;5&#8243; include_categories=&#8220;current&#8220; orderby=&#8220;rand&#8220; excerpt_length=&#8220;200&#8243; show_meta=&#8220;off&#8220; bg_overlay_color=&#8220;rgba(0,0,0,0.6)&#8220; _builder_version=&#8220;4.16&#8243; _module_preset=&#8220;default&#8220; header_font=&#8220;Bebas Neue||||||||&#8220; header_font_size=&#8220;23px&#8220; body_font=&#8220;||||||||&#8220; body_font_size=&#8220;12px&#8220; body_line_height=&#8220;1.5em&#8220; custom_button=&#8220;on&#8220; button_text_size=&#8220;17px&#8220; button_text_color=&#8220;#ffffff&#8220; button_bg_color=&#8220;rgba(0,0,0,0)&#8220; button_border_color=&#8220;#ffffff&#8220; button_border_radius=&#8220;2px&#8220; button_font=&#8220;Bebas Neue||||||||&#8220; width=&#8220;40%&#8220; width_tablet=&#8220;100%&#8220; width_phone=&#8220;&#8220; width_last_edited=&#8220;on|phone&#8220; module_alignment=&#8220;center&#8220; max_height=&#8220;300px&#8220; auto=&#8220;on&#8220; auto_speed=&#8220;10000&#8243; header_text_shadow_style=&#8220;preset1&#8243; header_text_shadow_horizontal_length=&#8220;0.08em&#8220; header_text_shadow_blur_strength=&#8220;0.03em&#8220; body_text_shadow_style=&#8220;preset2&#8243; button_text_shadow_style=&#8220;preset1&#8243; button_text_shadow_blur_strength=&#8220;0.05em&#8220; button_text_shadow_color=&#8220;#000000&#8243; global_colors_info=&#8220;{}&#8220;][\/et_pb_post_slider][\/et_pb_column][\/et_pb_row][\/et_pb_section]<\/p>\n","protected":false},"excerpt":{"rendered":"<p>Nach einer 30-min\u00fctigen Fahrt vom Kurort erreicht man den Sitz des Komitats. Die Stadt ist reich an historischen Denkm\u00e4lern, insbesondere aus der R\u00f6merzeit. Die mit Abstand bekannteste Attraktion der Stadt ist der Savaria-Karneval, der an die r\u00f6mischen Wurzeln erinnern soll und j\u00e4rlich im August stattfindet. Man sollte aber die Stadt nicht nur zu dieser Zeit [&hellip;]<\/p>\n","protected":false},"author":3,"featured_media":4445,"comment_status":"closed","ping_status":"closed","sticky":false,"template":"","format":"standard","meta":{"_et_pb_use_builder":"on","_et_pb_old_content":"","_et_gb_content_width":"","footnotes":""},"categories":[39],"tags":[],"class_list":["post-4444","post","type-post","status-publish","format-standard","has-post-thumbnail","hentry","category-kornyek-de"],"yoast_head":"<!-- This site is optimized with the Yoast SEO plugin v27.2 - https:\/\/yoast.com\/product\/yoast-seo-wordpress\/ -->\n<title>Szombathely - Park Hotel - B\u00fck<\/title>\n<meta name=\"robots\" content=\"index, follow, max-snippet:-1, max-image-preview:large, max-video-preview:-1\" \/>\n<link rel=\"canonical\" href=\"https:\/\/parkhotelbuk.hu\/de\/szombathely\/\" \/>\n<meta property=\"og:locale\" content=\"de_DE\" \/>\n<meta property=\"og:type\" content=\"article\" \/>\n<meta property=\"og:title\" content=\"Szombathely - Park Hotel - B\u00fck\" \/>\n<meta property=\"og:description\" content=\"Nach einer 30-min\u00fctigen Fahrt vom Kurort erreicht man den Sitz des Komitats. Die Stadt ist reich an historischen Denkm\u00e4lern, insbesondere aus der R\u00f6merzeit. Die mit Abstand bekannteste Attraktion der Stadt ist der Savaria-Karneval, der an die r\u00f6mischen Wurzeln erinnern soll und j\u00e4rlich im August stattfindet. Man sollte aber die Stadt nicht nur zu dieser Zeit [&hellip;]\" \/>\n<meta property=\"og:url\" content=\"https:\/\/parkhotelbuk.hu\/de\/szombathely\/\" \/>\n<meta property=\"og:site_name\" content=\"Park Hotel - B\u00fck\" \/>\n<meta property=\"article:published_time\" content=\"2021-03-10T13:30:48+00:00\" \/>\n<meta property=\"article:modified_time\" content=\"2023-02-23T12:36:10+00:00\" \/>\n<meta property=\"og:image\" content=\"https:\/\/parkhotelbuk.hu\/wp-content\/uploads\/2021\/02\/parkhotel-buk-szombathely-foter-22.jpg\" \/>\n\t<meta property=\"og:image:width\" content=\"1600\" \/>\n\t<meta property=\"og:image:height\" content=\"1067\" \/>\n\t<meta property=\"og:image:type\" content=\"image\/jpeg\" \/>\n<meta name=\"author\" content=\"Hegyi Tam\u00e1s\" \/>\n<meta name=\"twitter:card\" content=\"summary_large_image\" \/>\n<meta name=\"twitter:label1\" content=\"Verfasst von\" \/>\n\t<meta name=\"twitter:data1\" content=\"Hegyi Tam\u00e1s\" \/>\n\t<meta name=\"twitter:label2\" content=\"Gesch\u00e4tzte Lesezeit\" \/>\n\t<meta name=\"twitter:data2\" content=\"7\u00a0Minuten\" \/>\n<script type=\"application\/ld+json\" class=\"yoast-schema-graph\">{\"@context\":\"https:\/\/schema.org\",\"@graph\":[{\"@type\":\"Article\",\"@id\":\"https:\/\/parkhotelbuk.hu\/de\/szombathely\/#article\",\"isPartOf\":{\"@id\":\"https:\/\/parkhotelbuk.hu\/de\/szombathely\/\"},\"author\":{\"name\":\"Hegyi Tam\u00e1s\",\"@id\":\"https:\/\/parkhotelbuk.hu\/#\/schema\/person\/41ceb0e8195b74cf68e53413c3b1acee\"},\"headline\":\"Szombathely\",\"datePublished\":\"2021-03-10T13:30:48+00:00\",\"dateModified\":\"2023-02-23T12:36:10+00:00\",\"mainEntityOfPage\":{\"@id\":\"https:\/\/parkhotelbuk.hu\/de\/szombathely\/\"},\"wordCount\":2886,\"image\":{\"@id\":\"https:\/\/parkhotelbuk.hu\/de\/szombathely\/#primaryimage\"},\"thumbnailUrl\":\"https:\/\/parkhotelbuk.hu\/wp-content\/uploads\/2021\/02\/parkhotel-buk-szombathely-foter-22.jpg\",\"articleSection\":[\"K\u00f6rny\u00e9k\"],\"inLanguage\":\"de\"},{\"@type\":\"WebPage\",\"@id\":\"https:\/\/parkhotelbuk.hu\/de\/szombathely\/\",\"url\":\"https:\/\/parkhotelbuk.hu\/de\/szombathely\/\",\"name\":\"Szombathely - Park Hotel - B\u00fck\",\"isPartOf\":{\"@id\":\"https:\/\/parkhotelbuk.hu\/#website\"},\"primaryImageOfPage\":{\"@id\":\"https:\/\/parkhotelbuk.hu\/de\/szombathely\/#primaryimage\"},\"image\":{\"@id\":\"https:\/\/parkhotelbuk.hu\/de\/szombathely\/#primaryimage\"},\"thumbnailUrl\":\"https:\/\/parkhotelbuk.hu\/wp-content\/uploads\/2021\/02\/parkhotel-buk-szombathely-foter-22.jpg\",\"datePublished\":\"2021-03-10T13:30:48+00:00\",\"dateModified\":\"2023-02-23T12:36:10+00:00\",\"author\":{\"@id\":\"https:\/\/parkhotelbuk.hu\/#\/schema\/person\/41ceb0e8195b74cf68e53413c3b1acee\"},\"breadcrumb\":{\"@id\":\"https:\/\/parkhotelbuk.hu\/de\/szombathely\/#breadcrumb\"},\"inLanguage\":\"de\",\"potentialAction\":[{\"@type\":\"ReadAction\",\"target\":[\"https:\/\/parkhotelbuk.hu\/de\/szombathely\/\"]}]},{\"@type\":\"ImageObject\",\"inLanguage\":\"de\",\"@id\":\"https:\/\/parkhotelbuk.hu\/de\/szombathely\/#primaryimage\",\"url\":\"https:\/\/parkhotelbuk.hu\/wp-content\/uploads\/2021\/02\/parkhotel-buk-szombathely-foter-22.jpg\",\"contentUrl\":\"https:\/\/parkhotelbuk.hu\/wp-content\/uploads\/2021\/02\/parkhotel-buk-szombathely-foter-22.jpg\",\"width\":1600,\"height\":1067},{\"@type\":\"BreadcrumbList\",\"@id\":\"https:\/\/parkhotelbuk.hu\/de\/szombathely\/#breadcrumb\",\"itemListElement\":[{\"@type\":\"ListItem\",\"position\":1,\"name\":\"Kezd\u0151lap\",\"item\":\"https:\/\/parkhotelbuk.hu\/de\/\"},{\"@type\":\"ListItem\",\"position\":2,\"name\":\"Szombathely\"}]},{\"@type\":\"WebSite\",\"@id\":\"https:\/\/parkhotelbuk.hu\/#website\",\"url\":\"https:\/\/parkhotelbuk.hu\/\",\"name\":\"Park Hotel - B\u00fck\",\"description\":\"B\u00fck leg\u00fajabb n\u00e9gycsillagos sz\u00e1llod\u00e1ja\",\"potentialAction\":[{\"@type\":\"SearchAction\",\"target\":{\"@type\":\"EntryPoint\",\"urlTemplate\":\"https:\/\/parkhotelbuk.hu\/?s={search_term_string}\"},\"query-input\":{\"@type\":\"PropertyValueSpecification\",\"valueRequired\":true,\"valueName\":\"search_term_string\"}}],\"inLanguage\":\"de\"},{\"@type\":\"Person\",\"@id\":\"https:\/\/parkhotelbuk.hu\/#\/schema\/person\/41ceb0e8195b74cf68e53413c3b1acee\",\"name\":\"Hegyi Tam\u00e1s\",\"image\":{\"@type\":\"ImageObject\",\"inLanguage\":\"de\",\"@id\":\"https:\/\/secure.gravatar.com\/avatar\/09dcaf71bb69536a6523e2a77aee4f1dca39e1bc790a71bf3e5e5a72b9a88765?s=96&d=mm&r=g\",\"url\":\"https:\/\/secure.gravatar.com\/avatar\/09dcaf71bb69536a6523e2a77aee4f1dca39e1bc790a71bf3e5e5a72b9a88765?s=96&d=mm&r=g\",\"contentUrl\":\"https:\/\/secure.gravatar.com\/avatar\/09dcaf71bb69536a6523e2a77aee4f1dca39e1bc790a71bf3e5e5a72b9a88765?s=96&d=mm&r=g\",\"caption\":\"Hegyi Tam\u00e1s\"},\"url\":\"https:\/\/parkhotelbuk.hu\/de\/author\/hegyi-tamas\/\"}]}<\/script>\n<!-- \/ Yoast SEO plugin. -->","yoast_head_json":{"title":"Szombathely - Park Hotel - B\u00fck","robots":{"index":"index","follow":"follow","max-snippet":"max-snippet:-1","max-image-preview":"max-image-preview:large","max-video-preview":"max-video-preview:-1"},"canonical":"https:\/\/parkhotelbuk.hu\/de\/szombathely\/","og_locale":"de_DE","og_type":"article","og_title":"Szombathely - Park Hotel - B\u00fck","og_description":"Nach einer 30-min\u00fctigen Fahrt vom Kurort erreicht man den Sitz des Komitats. Die Stadt ist reich an historischen Denkm\u00e4lern, insbesondere aus der R\u00f6merzeit. Die mit Abstand bekannteste Attraktion der Stadt ist der Savaria-Karneval, der an die r\u00f6mischen Wurzeln erinnern soll und j\u00e4rlich im August stattfindet. Man sollte aber die Stadt nicht nur zu dieser Zeit [&hellip;]","og_url":"https:\/\/parkhotelbuk.hu\/de\/szombathely\/","og_site_name":"Park Hotel - B\u00fck","article_published_time":"2021-03-10T13:30:48+00:00","article_modified_time":"2023-02-23T12:36:10+00:00","og_image":[{"width":1600,"height":1067,"url":"https:\/\/parkhotelbuk.hu\/wp-content\/uploads\/2021\/02\/parkhotel-buk-szombathely-foter-22.jpg","type":"image\/jpeg"}],"author":"Hegyi Tam\u00e1s","twitter_card":"summary_large_image","twitter_misc":{"Verfasst von":"Hegyi Tam\u00e1s","Gesch\u00e4tzte Lesezeit":"7\u00a0Minuten"},"schema":{"@context":"https:\/\/schema.org","@graph":[{"@type":"Article","@id":"https:\/\/parkhotelbuk.hu\/de\/szombathely\/#article","isPartOf":{"@id":"https:\/\/parkhotelbuk.hu\/de\/szombathely\/"},"author":{"name":"Hegyi Tam\u00e1s","@id":"https:\/\/parkhotelbuk.hu\/#\/schema\/person\/41ceb0e8195b74cf68e53413c3b1acee"},"headline":"Szombathely","datePublished":"2021-03-10T13:30:48+00:00","dateModified":"2023-02-23T12:36:10+00:00","mainEntityOfPage":{"@id":"https:\/\/parkhotelbuk.hu\/de\/szombathely\/"},"wordCount":2886,"image":{"@id":"https:\/\/parkhotelbuk.hu\/de\/szombathely\/#primaryimage"},"thumbnailUrl":"https:\/\/parkhotelbuk.hu\/wp-content\/uploads\/2021\/02\/parkhotel-buk-szombathely-foter-22.jpg","articleSection":["K\u00f6rny\u00e9k"],"inLanguage":"de"},{"@type":"WebPage","@id":"https:\/\/parkhotelbuk.hu\/de\/szombathely\/","url":"https:\/\/parkhotelbuk.hu\/de\/szombathely\/","name":"Szombathely - Park Hotel - B\u00fck","isPartOf":{"@id":"https:\/\/parkhotelbuk.hu\/#website"},"primaryImageOfPage":{"@id":"https:\/\/parkhotelbuk.hu\/de\/szombathely\/#primaryimage"},"image":{"@id":"https:\/\/parkhotelbuk.hu\/de\/szombathely\/#primaryimage"},"thumbnailUrl":"https:\/\/parkhotelbuk.hu\/wp-content\/uploads\/2021\/02\/parkhotel-buk-szombathely-foter-22.jpg","datePublished":"2021-03-10T13:30:48+00:00","dateModified":"2023-02-23T12:36:10+00:00","author":{"@id":"https:\/\/parkhotelbuk.hu\/#\/schema\/person\/41ceb0e8195b74cf68e53413c3b1acee"},"breadcrumb":{"@id":"https:\/\/parkhotelbuk.hu\/de\/szombathely\/#breadcrumb"},"inLanguage":"de","potentialAction":[{"@type":"ReadAction","target":["https:\/\/parkhotelbuk.hu\/de\/szombathely\/"]}]},{"@type":"ImageObject","inLanguage":"de","@id":"https:\/\/parkhotelbuk.hu\/de\/szombathely\/#primaryimage","url":"https:\/\/parkhotelbuk.hu\/wp-content\/uploads\/2021\/02\/parkhotel-buk-szombathely-foter-22.jpg","contentUrl":"https:\/\/parkhotelbuk.hu\/wp-content\/uploads\/2021\/02\/parkhotel-buk-szombathely-foter-22.jpg","width":1600,"height":1067},{"@type":"BreadcrumbList","@id":"https:\/\/parkhotelbuk.hu\/de\/szombathely\/#breadcrumb","itemListElement":[{"@type":"ListItem","position":1,"name":"Kezd\u0151lap","item":"https:\/\/parkhotelbuk.hu\/de\/"},{"@type":"ListItem","position":2,"name":"Szombathely"}]},{"@type":"WebSite","@id":"https:\/\/parkhotelbuk.hu\/#website","url":"https:\/\/parkhotelbuk.hu\/","name":"Park Hotel - B\u00fck","description":"B\u00fck leg\u00fajabb n\u00e9gycsillagos sz\u00e1llod\u00e1ja","potentialAction":[{"@type":"SearchAction","target":{"@type":"EntryPoint","urlTemplate":"https:\/\/parkhotelbuk.hu\/?s={search_term_string}"},"query-input":{"@type":"PropertyValueSpecification","valueRequired":true,"valueName":"search_term_string"}}],"inLanguage":"de"},{"@type":"Person","@id":"https:\/\/parkhotelbuk.hu\/#\/schema\/person\/41ceb0e8195b74cf68e53413c3b1acee","name":"Hegyi Tam\u00e1s","image":{"@type":"ImageObject","inLanguage":"de","@id":"https:\/\/secure.gravatar.com\/avatar\/09dcaf71bb69536a6523e2a77aee4f1dca39e1bc790a71bf3e5e5a72b9a88765?s=96&d=mm&r=g","url":"https:\/\/secure.gravatar.com\/avatar\/09dcaf71bb69536a6523e2a77aee4f1dca39e1bc790a71bf3e5e5a72b9a88765?s=96&d=mm&r=g","contentUrl":"https:\/\/secure.gravatar.com\/avatar\/09dcaf71bb69536a6523e2a77aee4f1dca39e1bc790a71bf3e5e5a72b9a88765?s=96&d=mm&r=g","caption":"Hegyi Tam\u00e1s"},"url":"https:\/\/parkhotelbuk.hu\/de\/author\/hegyi-tamas\/"}]}},"_links":{"self":[{"href":"https:\/\/parkhotelbuk.hu\/de\/wp-json\/wp\/v2\/posts\/4444","targetHints":{"allow":["GET"]}}],"collection":[{"href":"https:\/\/parkhotelbuk.hu\/de\/wp-json\/wp\/v2\/posts"}],"about":[{"href":"https:\/\/parkhotelbuk.hu\/de\/wp-json\/wp\/v2\/types\/post"}],"author":[{"embeddable":true,"href":"https:\/\/parkhotelbuk.hu\/de\/wp-json\/wp\/v2\/users\/3"}],"replies":[{"embeddable":true,"href":"https:\/\/parkhotelbuk.hu\/de\/wp-json\/wp\/v2\/comments?post=4444"}],"version-history":[{"count":0,"href":"https:\/\/parkhotelbuk.hu\/de\/wp-json\/wp\/v2\/posts\/4444\/revisions"}],"wp:featuredmedia":[{"embeddable":true,"href":"https:\/\/parkhotelbuk.hu\/de\/wp-json\/wp\/v2\/media\/4445"}],"wp:attachment":[{"href":"https:\/\/parkhotelbuk.hu\/de\/wp-json\/wp\/v2\/media?parent=4444"}],"wp:term":[{"taxonomy":"category","embeddable":true,"href":"https:\/\/parkhotelbuk.hu\/de\/wp-json\/wp\/v2\/categories?post=4444"},{"taxonomy":"post_tag","embeddable":true,"href":"https:\/\/parkhotelbuk.hu\/de\/wp-json\/wp\/v2\/tags?post=4444"}],"curies":[{"name":"wp","href":"https:\/\/api.w.org\/{rel}","templated":true}]}}