{"id":4416,"date":"2021-03-05T12:02:31","date_gmt":"2021-03-05T11:02:31","guid":{"rendered":"https:\/\/parkhotelbuk.hu\/mesel-a-mult-a-koczan-haz\/"},"modified":"2023-02-23T13:23:40","modified_gmt":"2023-02-23T12:23:40","slug":"mesel-a-mult-a-koczan-haz","status":"publish","type":"post","link":"https:\/\/parkhotelbuk.hu\/de\/mesel-a-mult-a-koczan-haz\/","title":{"rendered":"Die Vergangenheit erz\u00e4hlt \u2013 Das Kocz\u00e1n-Haus"},"content":{"rendered":"<p>[et_pb_section fb_built=&#8220;1&#8243; fullwidth=&#8220;on&#8220; admin_label=&#8220;Szakasz&#8220; _builder_version=&#8220;4.16&#8243; _module_preset=&#8220;default&#8220; custom_margin=&#8220;||||false|false&#8220; top_divider_height=&#8220;49px&#8220; saved_tabs=&#8220;all&#8220; global_colors_info=&#8220;{}&#8220;][et_pb_fullwidth_post_title meta=&#8220;off&#8220; featured_placement=&#8220;background&#8220; _builder_version=&#8220;4.20.0&#8243; _module_preset=&#8220;default&#8220; title_font=&#8220;||||||||&#8220; title_text_align=&#8220;center&#8220; title_text_color=&#8220;#ffffff&#8220; title_letter_spacing=&#8220;6px&#8220; background_color=&#8220;#ffffff&#8220; use_background_color_gradient=&#8220;on&#8220; background_color_gradient_stops=&#8220;#5a9612 0%|rgba(255,255,255,0) 34%&#8220; background_color_gradient_overlays_image=&#8220;on&#8220; background_color_gradient_start=&#8220;#5a9612&#8243; background_color_gradient_end=&#8220;rgba(255,255,255,0)&#8220; background_color_gradient_end_position=&#8220;34%&#8220; min_height=&#8220;70vh&#8220; min_height_tablet=&#8220;&#8220; min_height_phone=&#8220;&#8220; min_height_last_edited=&#8220;on|desktop&#8220; custom_margin=&#8220;0px||||false|false&#8220; custom_padding=&#8220;50vh||||false|false&#8220; filter_saturate=&#8220;133%&#8220; filter_brightness=&#8220;108%&#8220; filter_invert=&#8220;8%&#8220; filter_sepia=&#8220;7%&#8220; hover_enabled=&#8220;0&#8243; title_text_shadow_style=&#8220;preset1&#8243; title_text_shadow_vertical_length=&#8220;0.09em&#8220; title_text_shadow_blur_strength=&#8220;0.12em&#8220; title_text_shadow_color=&#8220;#000000&#8243; global_colors_info=&#8220;{}&#8220; sticky_enabled=&#8220;0&#8243;][\/et_pb_fullwidth_post_title][\/et_pb_section][et_pb_section fb_built=&#8220;1&#8243; _builder_version=&#8220;4.16&#8243; _module_preset=&#8220;default&#8220; global_colors_info=&#8220;{}&#8220;][et_pb_row _builder_version=&#8220;4.16&#8243; _module_preset=&#8220;default&#8220; global_colors_info=&#8220;{}&#8220;][et_pb_column type=&#8220;4_4&#8243; _builder_version=&#8220;4.16&#8243; _module_preset=&#8220;default&#8220; global_colors_info=&#8220;{}&#8220;][et_pb_text _builder_version=&#8220;4.16&#8243; _module_preset=&#8220;default&#8220; text_orientation=&#8220;justified&#8220; global_colors_info=&#8220;{}&#8220;]<\/p>\n<p>Bei der Geschichtsforschung des Gebietes B\u00fck stellte es sich heraus, dass die Baugewohnheiten in diesem Gebiet sich kaum von den Brutgewohnheiten in anderen Orten jenseits der Donau unterschieden. Die war reich an Adelsh\u00e4usern, aber auch ein strohgedecktes, lehmgemauertes Bauernhaus war nicht ungew\u00f6hnlich zu finden. Das letzte solches Bauernhaus, das den Brand von 1929 \u00fcberlebte, geh\u00f6rte dem Schuhmacher Ferenc Kocz\u00e1n.<br \/>\nDie Schusterwerkstatt hat mehrere historische Perioden \u00fcberlebt. Einige Zeit lang stand das Geb\u00e4ude leer und sein Zustand verschlechterte sich erheblich, bis es im Dezember 2009 im Rahmen eines Denkmalschutzprojektes restauriert wurde. W\u00e4hrend der Rekonstruktion wurden die Lehmw\u00e4nde restauriert, die Holzdecke konserviert und das Dach mit speziellen Strohhalmen \u2013 dreimal \u00fcberlappend \u2013 bedeckt. Im Geb\u00e4ude wurden sechs R\u00e4ume eingerichtet und auch der Ziehbrunnen im Hof wurde restauriert.\n<\/p>\n<p>[\/et_pb_text][\/et_pb_column][\/et_pb_row][et_pb_row column_structure=&#8220;3_5,2_5&#8243; _builder_version=&#8220;4.16&#8243; _module_preset=&#8220;default&#8220; global_colors_info=&#8220;{}&#8220;][et_pb_column type=&#8220;3_5&#8243; _builder_version=&#8220;4.16&#8243; _module_preset=&#8220;default&#8220; global_colors_info=&#8220;{}&#8220;][et_pb_text _builder_version=&#8220;4.16&#8243; _module_preset=&#8220;default&#8220; text_orientation=&#8220;justified&#8220; global_colors_info=&#8220;{}&#8220;]<\/p>\n<p>Das 2011 eingeweihte Geb\u00e4ude liegt drei Gehminuten vom Park Hotel entfernt (entlang den Lehrpfad am R\u00e9pce-Ufer) und bietet einen Einblick in die Lebensweise des fr\u00fchen 20. Jahrhunderts.<br \/>\nEs spielt eine wichtige Rolle im Gemeindeleben von B\u00fck, da in seinem Innenhof viele unterhaltsame Veranstaltungen stattfinden, sei es die traditionelle Aufstellung des Maibaums, das \u015amigus-dyngus oder eine echte, authentische Schweineschlachtung.\n<\/p>\n<p>[\/et_pb_text][\/et_pb_column][et_pb_column type=&#8220;2_5&#8243; _builder_version=&#8220;4.16&#8243; _module_preset=&#8220;default&#8220; global_colors_info=&#8220;{}&#8220;][et_pb_image src=&#8220;https:\/\/parkhotelbuk.hu\/wp-content\/uploads\/2021\/02\/parkhotel-buk-koczan-haz.jpg&#8220; alt=&#8220;Koczan h\u00e1z&#8220; title_text=&#8220;Koczan h\u00e1z&#8220; _builder_version=&#8220;4.16&#8243; _module_preset=&#8220;default&#8220; filter_saturate=&#8220;140%&#8220; filter_brightness=&#8220;119%&#8220; filter_contrast=&#8220;107%&#8220; filter_invert=&#8220;8%&#8220; filter_sepia=&#8220;7%&#8220; global_colors_info=&#8220;{}&#8220;][\/et_pb_image][\/et_pb_column][\/et_pb_row][et_pb_row _builder_version=&#8220;4.16&#8243; _module_preset=&#8220;default&#8220; width=&#8220;85%&#8220; max_width=&#8220;1600px&#8220; border_color_all=&#8220;#d6d6d6&#8243; border_width_top=&#8220;2px&#8220; global_colors_info=&#8220;{}&#8220;][et_pb_column type=&#8220;4_4&#8243; _builder_version=&#8220;4.16&#8243; _module_preset=&#8220;default&#8220; global_colors_info=&#8220;{}&#8220;][et_pb_text _builder_version=&#8220;4.20.0&#8243; _module_preset=&#8220;default&#8220; header_text_color=&#8220;#5b8500&#8243; header_2_font=&#8220;||||||||&#8220; header_2_text_color=&#8220;#8DCE71&#8243; hover_enabled=&#8220;0&#8243; global_colors_info=&#8220;{}&#8220; sticky_enabled=&#8220;0&#8243;]<\/p>\n<h2 style=\"text-align: center;\">Haben Sie es schon gelesen?<\/h2>\n<p>[\/et_pb_text][et_pb_post_slider posts_number=&#8220;5&#8243; include_categories=&#8220;8&#8243; orderby=&#8220;rand&#8220; excerpt_length=&#8220;200&#8243; show_meta=&#8220;off&#8220; bg_overlay_color=&#8220;rgba(0,0,0,0.6)&#8220; _builder_version=&#8220;4.16&#8243; _module_preset=&#8220;default&#8220; header_font=&#8220;Bebas Neue||||||||&#8220; header_font_size=&#8220;23px&#8220; body_font=&#8220;||||||||&#8220; body_font_size=&#8220;12px&#8220; body_line_height=&#8220;1.5em&#8220; custom_button=&#8220;on&#8220; button_text_size=&#8220;17px&#8220; button_text_color=&#8220;#ffffff&#8220; button_bg_color=&#8220;rgba(0,0,0,0)&#8220; button_border_color=&#8220;#ffffff&#8220; button_border_radius=&#8220;2px&#8220; button_font=&#8220;Bebas Neue||||||||&#8220; width=&#8220;40%&#8220; width_tablet=&#8220;100%&#8220; width_phone=&#8220;&#8220; width_last_edited=&#8220;on|phone&#8220; module_alignment=&#8220;center&#8220; max_height=&#8220;300px&#8220; auto=&#8220;on&#8220; auto_speed=&#8220;10000&#8243; header_text_shadow_style=&#8220;preset1&#8243; header_text_shadow_horizontal_length=&#8220;0.08em&#8220; header_text_shadow_blur_strength=&#8220;0.03em&#8220; body_text_shadow_style=&#8220;preset2&#8243; button_text_shadow_style=&#8220;preset1&#8243; button_text_shadow_blur_strength=&#8220;0.05em&#8220; button_text_shadow_color=&#8220;#000000&#8243; global_colors_info=&#8220;{}&#8220;][\/et_pb_post_slider][\/et_pb_column][\/et_pb_row][\/et_pb_section]<\/p>\n","protected":false},"excerpt":{"rendered":"<p>Bei der Geschichtsforschung des Gebietes B\u00fck stellte es sich heraus, dass die Baugewohnheiten in diesem Gebiet sich kaum von den Brutgewohnheiten in anderen Orten jenseits der Donau unterschieden. Die war reich an Adelsh\u00e4usern, aber auch ein strohgedecktes, lehmgemauertes Bauernhaus war nicht ungew\u00f6hnlich zu finden. Das letzte solches Bauernhaus, das den Brand von 1929 \u00fcberlebte, geh\u00f6rte [&hellip;]<\/p>\n","protected":false},"author":3,"featured_media":4334,"comment_status":"closed","ping_status":"closed","sticky":false,"template":"","format":"standard","meta":{"_et_pb_use_builder":"on","_et_pb_old_content":"","_et_gb_content_width":"","footnotes":""},"categories":[46],"tags":[],"class_list":["post-4416","post","type-post","status-publish","format-standard","has-post-thumbnail","hentry","category-latnivalok-de"],"yoast_head":"<!-- This site is optimized with the Yoast SEO plugin v27.2 - https:\/\/yoast.com\/product\/yoast-seo-wordpress\/ -->\n<title>Die Vergangenheit erz\u00e4hlt \u2013 Das Kocz\u00e1n-Haus - Park Hotel - B\u00fck<\/title>\n<meta name=\"robots\" content=\"index, follow, max-snippet:-1, max-image-preview:large, max-video-preview:-1\" \/>\n<link rel=\"canonical\" href=\"https:\/\/parkhotelbuk.hu\/de\/mesel-a-mult-a-koczan-haz\/\" \/>\n<meta property=\"og:locale\" content=\"de_DE\" \/>\n<meta property=\"og:type\" content=\"article\" \/>\n<meta property=\"og:title\" content=\"Die Vergangenheit erz\u00e4hlt \u2013 Das Kocz\u00e1n-Haus - Park Hotel - B\u00fck\" \/>\n<meta property=\"og:description\" content=\"Bei der Geschichtsforschung des Gebietes B\u00fck stellte es sich heraus, dass die Baugewohnheiten in diesem Gebiet sich kaum von den Brutgewohnheiten in anderen Orten jenseits der Donau unterschieden. Die war reich an Adelsh\u00e4usern, aber auch ein strohgedecktes, lehmgemauertes Bauernhaus war nicht ungew\u00f6hnlich zu finden. Das letzte solches Bauernhaus, das den Brand von 1929 \u00fcberlebte, geh\u00f6rte [&hellip;]\" \/>\n<meta property=\"og:url\" content=\"https:\/\/parkhotelbuk.hu\/de\/mesel-a-mult-a-koczan-haz\/\" \/>\n<meta property=\"og:site_name\" content=\"Park Hotel - B\u00fck\" \/>\n<meta property=\"article:published_time\" content=\"2021-03-05T11:02:31+00:00\" \/>\n<meta property=\"article:modified_time\" content=\"2023-02-23T12:23:40+00:00\" \/>\n<meta property=\"og:image\" content=\"https:\/\/parkhotelbuk.hu\/wp-content\/uploads\/2021\/02\/parkhotel-buk-koczan-haz.jpg\" \/>\n\t<meta property=\"og:image:width\" content=\"1920\" \/>\n\t<meta property=\"og:image:height\" content=\"1080\" \/>\n\t<meta property=\"og:image:type\" content=\"image\/jpeg\" \/>\n<meta name=\"author\" content=\"Hegyi Tam\u00e1s\" \/>\n<meta name=\"twitter:card\" content=\"summary_large_image\" \/>\n<meta name=\"twitter:label1\" content=\"Verfasst von\" \/>\n\t<meta name=\"twitter:data1\" content=\"Hegyi Tam\u00e1s\" \/>\n\t<meta name=\"twitter:label2\" content=\"Gesch\u00e4tzte Lesezeit\" \/>\n\t<meta name=\"twitter:data2\" content=\"2\u00a0Minuten\" \/>\n<script type=\"application\/ld+json\" class=\"yoast-schema-graph\">{\"@context\":\"https:\/\/schema.org\",\"@graph\":[{\"@type\":\"Article\",\"@id\":\"https:\/\/parkhotelbuk.hu\/de\/mesel-a-mult-a-koczan-haz\/#article\",\"isPartOf\":{\"@id\":\"https:\/\/parkhotelbuk.hu\/de\/mesel-a-mult-a-koczan-haz\/\"},\"author\":{\"name\":\"Hegyi Tam\u00e1s\",\"@id\":\"https:\/\/parkhotelbuk.hu\/#\/schema\/person\/41ceb0e8195b74cf68e53413c3b1acee\"},\"headline\":\"Die Vergangenheit erz\u00e4hlt \u2013 Das Kocz\u00e1n-Haus\",\"datePublished\":\"2021-03-05T11:02:31+00:00\",\"dateModified\":\"2023-02-23T12:23:40+00:00\",\"mainEntityOfPage\":{\"@id\":\"https:\/\/parkhotelbuk.hu\/de\/mesel-a-mult-a-koczan-haz\/\"},\"wordCount\":735,\"image\":{\"@id\":\"https:\/\/parkhotelbuk.hu\/de\/mesel-a-mult-a-koczan-haz\/#primaryimage\"},\"thumbnailUrl\":\"https:\/\/parkhotelbuk.hu\/wp-content\/uploads\/2021\/02\/parkhotel-buk-koczan-haz.jpg\",\"articleSection\":[\"L\u00e1tnival\u00f3k\"],\"inLanguage\":\"de\"},{\"@type\":\"WebPage\",\"@id\":\"https:\/\/parkhotelbuk.hu\/de\/mesel-a-mult-a-koczan-haz\/\",\"url\":\"https:\/\/parkhotelbuk.hu\/de\/mesel-a-mult-a-koczan-haz\/\",\"name\":\"Die Vergangenheit erz\u00e4hlt \u2013 Das Kocz\u00e1n-Haus - Park Hotel - B\u00fck\",\"isPartOf\":{\"@id\":\"https:\/\/parkhotelbuk.hu\/#website\"},\"primaryImageOfPage\":{\"@id\":\"https:\/\/parkhotelbuk.hu\/de\/mesel-a-mult-a-koczan-haz\/#primaryimage\"},\"image\":{\"@id\":\"https:\/\/parkhotelbuk.hu\/de\/mesel-a-mult-a-koczan-haz\/#primaryimage\"},\"thumbnailUrl\":\"https:\/\/parkhotelbuk.hu\/wp-content\/uploads\/2021\/02\/parkhotel-buk-koczan-haz.jpg\",\"datePublished\":\"2021-03-05T11:02:31+00:00\",\"dateModified\":\"2023-02-23T12:23:40+00:00\",\"author\":{\"@id\":\"https:\/\/parkhotelbuk.hu\/#\/schema\/person\/41ceb0e8195b74cf68e53413c3b1acee\"},\"breadcrumb\":{\"@id\":\"https:\/\/parkhotelbuk.hu\/de\/mesel-a-mult-a-koczan-haz\/#breadcrumb\"},\"inLanguage\":\"de\",\"potentialAction\":[{\"@type\":\"ReadAction\",\"target\":[\"https:\/\/parkhotelbuk.hu\/de\/mesel-a-mult-a-koczan-haz\/\"]}]},{\"@type\":\"ImageObject\",\"inLanguage\":\"de\",\"@id\":\"https:\/\/parkhotelbuk.hu\/de\/mesel-a-mult-a-koczan-haz\/#primaryimage\",\"url\":\"https:\/\/parkhotelbuk.hu\/wp-content\/uploads\/2021\/02\/parkhotel-buk-koczan-haz.jpg\",\"contentUrl\":\"https:\/\/parkhotelbuk.hu\/wp-content\/uploads\/2021\/02\/parkhotel-buk-koczan-haz.jpg\",\"width\":1920,\"height\":1080,\"caption\":\"Koczan h\u00e1z\"},{\"@type\":\"BreadcrumbList\",\"@id\":\"https:\/\/parkhotelbuk.hu\/de\/mesel-a-mult-a-koczan-haz\/#breadcrumb\",\"itemListElement\":[{\"@type\":\"ListItem\",\"position\":1,\"name\":\"Kezd\u0151lap\",\"item\":\"https:\/\/parkhotelbuk.hu\/de\/\"},{\"@type\":\"ListItem\",\"position\":2,\"name\":\"Die Vergangenheit erz\u00e4hlt \u2013 Das Kocz\u00e1n-Haus\"}]},{\"@type\":\"WebSite\",\"@id\":\"https:\/\/parkhotelbuk.hu\/#website\",\"url\":\"https:\/\/parkhotelbuk.hu\/\",\"name\":\"Park Hotel - B\u00fck\",\"description\":\"B\u00fck leg\u00fajabb n\u00e9gycsillagos sz\u00e1llod\u00e1ja\",\"potentialAction\":[{\"@type\":\"SearchAction\",\"target\":{\"@type\":\"EntryPoint\",\"urlTemplate\":\"https:\/\/parkhotelbuk.hu\/?s={search_term_string}\"},\"query-input\":{\"@type\":\"PropertyValueSpecification\",\"valueRequired\":true,\"valueName\":\"search_term_string\"}}],\"inLanguage\":\"de\"},{\"@type\":\"Person\",\"@id\":\"https:\/\/parkhotelbuk.hu\/#\/schema\/person\/41ceb0e8195b74cf68e53413c3b1acee\",\"name\":\"Hegyi Tam\u00e1s\",\"image\":{\"@type\":\"ImageObject\",\"inLanguage\":\"de\",\"@id\":\"https:\/\/secure.gravatar.com\/avatar\/09dcaf71bb69536a6523e2a77aee4f1dca39e1bc790a71bf3e5e5a72b9a88765?s=96&d=mm&r=g\",\"url\":\"https:\/\/secure.gravatar.com\/avatar\/09dcaf71bb69536a6523e2a77aee4f1dca39e1bc790a71bf3e5e5a72b9a88765?s=96&d=mm&r=g\",\"contentUrl\":\"https:\/\/secure.gravatar.com\/avatar\/09dcaf71bb69536a6523e2a77aee4f1dca39e1bc790a71bf3e5e5a72b9a88765?s=96&d=mm&r=g\",\"caption\":\"Hegyi Tam\u00e1s\"},\"url\":\"https:\/\/parkhotelbuk.hu\/de\/author\/hegyi-tamas\/\"}]}<\/script>\n<!-- \/ Yoast SEO plugin. -->","yoast_head_json":{"title":"Die Vergangenheit erz\u00e4hlt \u2013 Das Kocz\u00e1n-Haus - Park Hotel - B\u00fck","robots":{"index":"index","follow":"follow","max-snippet":"max-snippet:-1","max-image-preview":"max-image-preview:large","max-video-preview":"max-video-preview:-1"},"canonical":"https:\/\/parkhotelbuk.hu\/de\/mesel-a-mult-a-koczan-haz\/","og_locale":"de_DE","og_type":"article","og_title":"Die Vergangenheit erz\u00e4hlt \u2013 Das Kocz\u00e1n-Haus - Park Hotel - B\u00fck","og_description":"Bei der Geschichtsforschung des Gebietes B\u00fck stellte es sich heraus, dass die Baugewohnheiten in diesem Gebiet sich kaum von den Brutgewohnheiten in anderen Orten jenseits der Donau unterschieden. Die war reich an Adelsh\u00e4usern, aber auch ein strohgedecktes, lehmgemauertes Bauernhaus war nicht ungew\u00f6hnlich zu finden. Das letzte solches Bauernhaus, das den Brand von 1929 \u00fcberlebte, geh\u00f6rte [&hellip;]","og_url":"https:\/\/parkhotelbuk.hu\/de\/mesel-a-mult-a-koczan-haz\/","og_site_name":"Park Hotel - B\u00fck","article_published_time":"2021-03-05T11:02:31+00:00","article_modified_time":"2023-02-23T12:23:40+00:00","og_image":[{"width":1920,"height":1080,"url":"https:\/\/parkhotelbuk.hu\/wp-content\/uploads\/2021\/02\/parkhotel-buk-koczan-haz.jpg","type":"image\/jpeg"}],"author":"Hegyi Tam\u00e1s","twitter_card":"summary_large_image","twitter_misc":{"Verfasst von":"Hegyi Tam\u00e1s","Gesch\u00e4tzte Lesezeit":"2\u00a0Minuten"},"schema":{"@context":"https:\/\/schema.org","@graph":[{"@type":"Article","@id":"https:\/\/parkhotelbuk.hu\/de\/mesel-a-mult-a-koczan-haz\/#article","isPartOf":{"@id":"https:\/\/parkhotelbuk.hu\/de\/mesel-a-mult-a-koczan-haz\/"},"author":{"name":"Hegyi Tam\u00e1s","@id":"https:\/\/parkhotelbuk.hu\/#\/schema\/person\/41ceb0e8195b74cf68e53413c3b1acee"},"headline":"Die Vergangenheit erz\u00e4hlt \u2013 Das Kocz\u00e1n-Haus","datePublished":"2021-03-05T11:02:31+00:00","dateModified":"2023-02-23T12:23:40+00:00","mainEntityOfPage":{"@id":"https:\/\/parkhotelbuk.hu\/de\/mesel-a-mult-a-koczan-haz\/"},"wordCount":735,"image":{"@id":"https:\/\/parkhotelbuk.hu\/de\/mesel-a-mult-a-koczan-haz\/#primaryimage"},"thumbnailUrl":"https:\/\/parkhotelbuk.hu\/wp-content\/uploads\/2021\/02\/parkhotel-buk-koczan-haz.jpg","articleSection":["L\u00e1tnival\u00f3k"],"inLanguage":"de"},{"@type":"WebPage","@id":"https:\/\/parkhotelbuk.hu\/de\/mesel-a-mult-a-koczan-haz\/","url":"https:\/\/parkhotelbuk.hu\/de\/mesel-a-mult-a-koczan-haz\/","name":"Die Vergangenheit erz\u00e4hlt \u2013 Das Kocz\u00e1n-Haus - Park Hotel - B\u00fck","isPartOf":{"@id":"https:\/\/parkhotelbuk.hu\/#website"},"primaryImageOfPage":{"@id":"https:\/\/parkhotelbuk.hu\/de\/mesel-a-mult-a-koczan-haz\/#primaryimage"},"image":{"@id":"https:\/\/parkhotelbuk.hu\/de\/mesel-a-mult-a-koczan-haz\/#primaryimage"},"thumbnailUrl":"https:\/\/parkhotelbuk.hu\/wp-content\/uploads\/2021\/02\/parkhotel-buk-koczan-haz.jpg","datePublished":"2021-03-05T11:02:31+00:00","dateModified":"2023-02-23T12:23:40+00:00","author":{"@id":"https:\/\/parkhotelbuk.hu\/#\/schema\/person\/41ceb0e8195b74cf68e53413c3b1acee"},"breadcrumb":{"@id":"https:\/\/parkhotelbuk.hu\/de\/mesel-a-mult-a-koczan-haz\/#breadcrumb"},"inLanguage":"de","potentialAction":[{"@type":"ReadAction","target":["https:\/\/parkhotelbuk.hu\/de\/mesel-a-mult-a-koczan-haz\/"]}]},{"@type":"ImageObject","inLanguage":"de","@id":"https:\/\/parkhotelbuk.hu\/de\/mesel-a-mult-a-koczan-haz\/#primaryimage","url":"https:\/\/parkhotelbuk.hu\/wp-content\/uploads\/2021\/02\/parkhotel-buk-koczan-haz.jpg","contentUrl":"https:\/\/parkhotelbuk.hu\/wp-content\/uploads\/2021\/02\/parkhotel-buk-koczan-haz.jpg","width":1920,"height":1080,"caption":"Koczan h\u00e1z"},{"@type":"BreadcrumbList","@id":"https:\/\/parkhotelbuk.hu\/de\/mesel-a-mult-a-koczan-haz\/#breadcrumb","itemListElement":[{"@type":"ListItem","position":1,"name":"Kezd\u0151lap","item":"https:\/\/parkhotelbuk.hu\/de\/"},{"@type":"ListItem","position":2,"name":"Die Vergangenheit erz\u00e4hlt \u2013 Das Kocz\u00e1n-Haus"}]},{"@type":"WebSite","@id":"https:\/\/parkhotelbuk.hu\/#website","url":"https:\/\/parkhotelbuk.hu\/","name":"Park Hotel - B\u00fck","description":"B\u00fck leg\u00fajabb n\u00e9gycsillagos sz\u00e1llod\u00e1ja","potentialAction":[{"@type":"SearchAction","target":{"@type":"EntryPoint","urlTemplate":"https:\/\/parkhotelbuk.hu\/?s={search_term_string}"},"query-input":{"@type":"PropertyValueSpecification","valueRequired":true,"valueName":"search_term_string"}}],"inLanguage":"de"},{"@type":"Person","@id":"https:\/\/parkhotelbuk.hu\/#\/schema\/person\/41ceb0e8195b74cf68e53413c3b1acee","name":"Hegyi Tam\u00e1s","image":{"@type":"ImageObject","inLanguage":"de","@id":"https:\/\/secure.gravatar.com\/avatar\/09dcaf71bb69536a6523e2a77aee4f1dca39e1bc790a71bf3e5e5a72b9a88765?s=96&d=mm&r=g","url":"https:\/\/secure.gravatar.com\/avatar\/09dcaf71bb69536a6523e2a77aee4f1dca39e1bc790a71bf3e5e5a72b9a88765?s=96&d=mm&r=g","contentUrl":"https:\/\/secure.gravatar.com\/avatar\/09dcaf71bb69536a6523e2a77aee4f1dca39e1bc790a71bf3e5e5a72b9a88765?s=96&d=mm&r=g","caption":"Hegyi Tam\u00e1s"},"url":"https:\/\/parkhotelbuk.hu\/de\/author\/hegyi-tamas\/"}]}},"_links":{"self":[{"href":"https:\/\/parkhotelbuk.hu\/de\/wp-json\/wp\/v2\/posts\/4416","targetHints":{"allow":["GET"]}}],"collection":[{"href":"https:\/\/parkhotelbuk.hu\/de\/wp-json\/wp\/v2\/posts"}],"about":[{"href":"https:\/\/parkhotelbuk.hu\/de\/wp-json\/wp\/v2\/types\/post"}],"author":[{"embeddable":true,"href":"https:\/\/parkhotelbuk.hu\/de\/wp-json\/wp\/v2\/users\/3"}],"replies":[{"embeddable":true,"href":"https:\/\/parkhotelbuk.hu\/de\/wp-json\/wp\/v2\/comments?post=4416"}],"version-history":[{"count":0,"href":"https:\/\/parkhotelbuk.hu\/de\/wp-json\/wp\/v2\/posts\/4416\/revisions"}],"wp:featuredmedia":[{"embeddable":true,"href":"https:\/\/parkhotelbuk.hu\/de\/wp-json\/wp\/v2\/media\/4334"}],"wp:attachment":[{"href":"https:\/\/parkhotelbuk.hu\/de\/wp-json\/wp\/v2\/media?parent=4416"}],"wp:term":[{"taxonomy":"category","embeddable":true,"href":"https:\/\/parkhotelbuk.hu\/de\/wp-json\/wp\/v2\/categories?post=4416"},{"taxonomy":"post_tag","embeddable":true,"href":"https:\/\/parkhotelbuk.hu\/de\/wp-json\/wp\/v2\/tags?post=4416"}],"curies":[{"name":"wp","href":"https:\/\/api.w.org\/{rel}","templated":true}]}}