{"id":4124,"date":"2021-03-16T09:42:33","date_gmt":"2021-03-16T08:42:33","guid":{"rendered":"https:\/\/parkhotelbuk.hu\/szentgotthard\/"},"modified":"2023-02-23T13:33:56","modified_gmt":"2023-02-23T12:33:56","slug":"szentgotthard","status":"publish","type":"post","link":"https:\/\/parkhotelbuk.hu\/de\/szentgotthard\/","title":{"rendered":"Szentgotth\u00e1rd"},"content":{"rendered":"<p>[et_pb_section fb_built=&#8220;1&#8243; fullwidth=&#8220;on&#8220; admin_label=&#8220;Szakasz&#8220; _builder_version=&#8220;4.16&#8243; _module_preset=&#8220;default&#8220; custom_margin=&#8220;||||false|false&#8220; top_divider_height=&#8220;49px&#8220; saved_tabs=&#8220;all&#8220; global_colors_info=&#8220;{}&#8220;][et_pb_fullwidth_post_title meta=&#8220;off&#8220; featured_placement=&#8220;background&#8220; _builder_version=&#8220;4.20.0&#8243; _module_preset=&#8220;default&#8220; title_font=&#8220;||||||||&#8220; title_text_align=&#8220;center&#8220; title_text_color=&#8220;#ffffff&#8220; title_letter_spacing=&#8220;6px&#8220; background_color=&#8220;rgba(84,84,84,0.54)&#8220; use_background_color_gradient=&#8220;on&#8220; background_color_gradient_stops=&#8220;#5a9612 0%|rgba(0,0,0,0.42) 40%&#8220; background_color_gradient_overlays_image=&#8220;on&#8220; background_color_gradient_start=&#8220;#5a9612&#8243; background_color_gradient_end=&#8220;rgba(0,0,0,0.42)&#8220; background_color_gradient_end_position=&#8220;40%&#8220; background_image=&#8220;https:\/\/parkhotelbuk.hu\/wp-content\/uploads\/2021\/03\/buk-parkhotel-kultura-szinhaz-programok-2.jpg&#8220; min_height=&#8220;70vh&#8220; min_height_tablet=&#8220;&#8220; min_height_phone=&#8220;&#8220; min_height_last_edited=&#8220;on|desktop&#8220; custom_margin=&#8220;0px||||false|false&#8220; custom_padding=&#8220;50vh||||false|false&#8220; filter_saturate=&#8220;133%&#8220; filter_brightness=&#8220;108%&#8220; filter_invert=&#8220;8%&#8220; filter_sepia=&#8220;7%&#8220; hover_enabled=&#8220;0&#8243; title_text_shadow_style=&#8220;preset5&#8243; title_text_shadow_color=&#8220;#000000&#8243; global_colors_info=&#8220;{}&#8220; sticky_enabled=&#8220;0&#8243;][\/et_pb_fullwidth_post_title][\/et_pb_section][et_pb_section fb_built=&#8220;1&#8243; _builder_version=&#8220;4.16&#8243; _module_preset=&#8220;default&#8220; global_colors_info=&#8220;{}&#8220;][et_pb_row _builder_version=&#8220;4.16&#8243; _module_preset=&#8220;default&#8220; width=&#8220;85%&#8220; max_width=&#8220;100%&#8220; global_colors_info=&#8220;{}&#8220;][et_pb_column type=&#8220;4_4&#8243; _builder_version=&#8220;4.16&#8243; _module_preset=&#8220;default&#8220; global_colors_info=&#8220;{}&#8220;][et_pb_text quote_border_color=&#8220;#5b8500&#8243; _builder_version=&#8220;4.16&#8243; _module_preset=&#8220;default&#8220; quote_font=&#8220;Bebas Neue||||||||&#8220; quote_text_color=&#8220;#5b8500&#8243; quote_letter_spacing=&#8220;3px&#8220; header_font=&#8220;Bebas Neue||||||||&#8220; header_text_align=&#8220;center&#8220; header_text_color=&#8220;#5b8500&#8243; header_letter_spacing=&#8220;3px&#8220; header_2_font=&#8220;Bebas Neue||||||||&#8220; header_2_text_align=&#8220;center&#8220; header_2_text_color=&#8220;#5b8500&#8243; header_2_letter_spacing=&#8220;3px&#8220; header_3_font=&#8220;Bebas Neue||||||||&#8220; header_3_text_align=&#8220;center&#8220; header_3_text_color=&#8220;#5b8500&#8243; header_3_letter_spacing=&#8220;3px&#8220; header_6_font=&#8220;Bebas Neue||||||||&#8220; header_6_text_align=&#8220;center&#8220; header_6_text_color=&#8220;#5b8500&#8243; header_6_letter_spacing=&#8220;3px&#8220; text_orientation=&#8220;justified&#8220; locked=&#8220;off&#8220; global_colors_info=&#8220;{}&#8220;]<\/p>\n<p>Der \u00fcber 800 Jahre alte Ort Szentgotth\u00e1rd liegt im ungarisch-slowenisch-\u00f6sterreichischen Dreil\u00e4ndereck und spielte eine wichtige Rolle in der ungarischen Geschichte &#8211; von B\u00fck anderthalb Auto-Stunden entfernt.<\/p>\n<p>Die vielleicht h\u00e4ufigste Erw\u00e4hnung der Stadt ist auf die historische Schlacht von Szentgotth\u00e1rd im Jahre 1664 zur\u00fcckzuf\u00fchren, nach der sich diese Siedlung permanent weiterentwickelte. Dabei war die gro\u00dfe R\u00fcckkehr der Zisterzienser von besonderer Bedeutung, wodurch kultur- und kunstgeschichtlich eine neue \u00c4ra begann mit dem Bau einer prachtvollen Klosteranlage nach europ\u00e4ischem Stil.\u00a0<br \/>Die vielleicht wichtigste Sehensw\u00fcrdigkeit im s\u00fcdwestlichen Zipfels des Komitats ist die Kirche und das benachbarte Klostergeb\u00e4ude. Die neueste Attraktion der wundersch\u00f6nen Umgebung ist der Thermalpark Szentgotth\u00e1rd mit einer Wasserfl\u00e4che von ca. 1.500 m2, speziellen Rutschen, Whirlpools, Saunen und Sportanlagen f\u00fcr eine ganzheitliche Entspannung.<br \/>Der Zusammenfluss von der <a href=\"https:\/\/parkhotelbuk.hu\/raba\/\">Raab<\/a> und Lapincs am Tor zur <a href=\"https:\/\/parkhotelbuk.hu\/orseg\/\">\u0150rs\u00e9g<\/a> eignet sich zum Wildwasser-Rafting und zum Angeln. Es ist ein ideales Ausflugsziel f\u00fcr Naturliebhaber, Radfahrer, Wassersportler und Wanderer.<\/p>\n<p>[\/et_pb_text][et_pb_image src=&#8220;https:\/\/parkhotelbuk.hu\/wp-content\/uploads\/2021\/03\/szentgotthard3.jpg&#8220; title_text=&#8220;Szengotth\u00e1rdi Ciszterci templom \u00e9s ap\u00e1ts\u00e1g&#8220; show_in_lightbox=&#8220;on&#8220; force_fullwidth=&#8220;on&#8220; _builder_version=&#8220;4.16&#8243; _module_preset=&#8220;default&#8220; module_alignment=&#8220;right&#8220; height_tablet=&#8220;&#8220; height_phone=&#8220;&#8220; height_last_edited=&#8220;on|tablet&#8220; filter_saturate=&#8220;123%&#8220; filter_brightness=&#8220;99%&#8220; filter_contrast=&#8220;90%&#8220; box_shadow_style=&#8220;preset6&#8243; box_shadow_color=&#8220;#000000&#8243; global_colors_info=&#8220;{}&#8220;][\/et_pb_image][\/et_pb_column][\/et_pb_row][et_pb_row column_structure=&#8220;1_2,1_2&#8243; _builder_version=&#8220;4.16&#8243; _module_preset=&#8220;default&#8220; width=&#8220;85%&#8220; max_width=&#8220;100%&#8220; min_height=&#8220;220px&#8220; locked=&#8220;off&#8220; global_colors_info=&#8220;{}&#8220;][et_pb_column type=&#8220;1_2&#8243; _builder_version=&#8220;4.16&#8243; _module_preset=&#8220;default&#8220; global_colors_info=&#8220;{}&#8220;][et_pb_text _builder_version=&#8220;4.20.0&#8243; _module_preset=&#8220;default&#8220; header_3_font=&#8220;Bebas Neue||||||||&#8220; header_3_text_color=&#8220;#8DCE71&#8243; header_3_font_size=&#8220;36px&#8220; text_orientation=&#8220;center&#8220; max_width_tablet=&#8220;&#8220; max_width_phone=&#8220;98%&#8220; max_width_last_edited=&#8220;on|phone&#8220; hover_enabled=&#8220;0&#8243; global_colors_info=&#8220;{}&#8220; text_text_color=&#8220;#8DCE71&#8243; sticky_enabled=&#8220;0&#8243;]<\/p>\n<h3 style=\"text-align: center;\"><img loading=\"lazy\" decoding=\"async\" class=\"alignnone wp-image-1639 size-medium\" src=\"https:\/\/parkhotelbuk.hu\/wp-content\/uploads\/2021\/03\/buk-utazas-kisauto-logo-3-300x133.png\" alt=\"\" width=\"300\" height=\"133\" \/> \u00a0<strong>83 km &#8211; 1 Zeit 20 Minuten<\/strong><\/h3>\n<p>[\/et_pb_text][\/et_pb_column][et_pb_column type=&#8220;1_2&#8243; _builder_version=&#8220;4.16&#8243; _module_preset=&#8220;default&#8220; global_colors_info=&#8220;{}&#8220;][et_pb_image src=&#8220;https:\/\/parkhotelbuk.hu\/wp-content\/uploads\/2021\/03\/buk-szentgotthard-terkep.jpg&#8220; alt=&#8220;B\u00fck &#8211; Szentgotth\u00e1rd t\u00e1vols\u00e1g&#8220; title_text=&#8220;B\u00fck &#8211; Szentgotth\u00e1rd t\u00e1vols\u00e1g&#8220; show_in_lightbox=&#8220;on&#8220; align=&#8220;right&#8220; force_fullwidth=&#8220;on&#8220; _builder_version=&#8220;4.16&#8243; _module_preset=&#8220;default&#8220; custom_margin=&#8220;-250px||||false|false&#8220; custom_margin_tablet=&#8220;0px||||false|false&#8220; custom_margin_phone=&#8220;&#8220; custom_margin_last_edited=&#8220;on|tablet&#8220; custom_padding=&#8220;|50px|||false|false&#8220; custom_padding_tablet=&#8220;|0px|||false|false&#8220; custom_padding_phone=&#8220;&#8220; custom_padding_last_edited=&#8220;on|desktop&#8220; box_shadow_style=&#8220;preset6&#8243; box_shadow_color=&#8220;#000000&#8243; global_colors_info=&#8220;{}&#8220;][\/et_pb_image][\/et_pb_column][\/et_pb_row][et_pb_row _builder_version=&#8220;4.16&#8243; _module_preset=&#8220;default&#8220; width=&#8220;85%&#8220; max_width=&#8220;1600px&#8220; border_color_all=&#8220;#d6d6d6&#8243; border_width_top=&#8220;2px&#8220; global_colors_info=&#8220;{}&#8220;][et_pb_column type=&#8220;4_4&#8243; _builder_version=&#8220;4.16&#8243; _module_preset=&#8220;default&#8220; global_colors_info=&#8220;{}&#8220;][et_pb_text _builder_version=&#8220;4.20.0&#8243; _module_preset=&#8220;default&#8220; header_text_color=&#8220;#5b8500&#8243; header_2_font=&#8220;||||||||&#8220; header_2_text_color=&#8220;#8DCE71&#8243; hover_enabled=&#8220;0&#8243; global_colors_info=&#8220;{}&#8220; sticky_enabled=&#8220;0&#8243;]<\/p>\n<h2 style=\"text-align: center;\">Haben Sie es schon gelesen?<\/h2>\n<p>[\/et_pb_text][et_pb_post_slider posts_number=&#8220;5&#8243; include_categories=&#8220;current&#8220; orderby=&#8220;rand&#8220; excerpt_length=&#8220;200&#8243; show_meta=&#8220;off&#8220; bg_overlay_color=&#8220;rgba(0,0,0,0.6)&#8220; _builder_version=&#8220;4.16&#8243; _module_preset=&#8220;default&#8220; header_font=&#8220;Bebas Neue||||||||&#8220; header_font_size=&#8220;23px&#8220; body_font=&#8220;||||||||&#8220; body_font_size=&#8220;12px&#8220; body_line_height=&#8220;1.5em&#8220; custom_button=&#8220;on&#8220; button_text_size=&#8220;17px&#8220; button_text_color=&#8220;#ffffff&#8220; button_bg_color=&#8220;rgba(0,0,0,0)&#8220; button_border_color=&#8220;#ffffff&#8220; button_border_radius=&#8220;2px&#8220; button_font=&#8220;Bebas Neue||||||||&#8220; width=&#8220;40%&#8220; width_tablet=&#8220;100%&#8220; width_phone=&#8220;&#8220; width_last_edited=&#8220;on|phone&#8220; module_alignment=&#8220;center&#8220; max_height=&#8220;300px&#8220; auto=&#8220;on&#8220; auto_speed=&#8220;10000&#8243; header_text_shadow_style=&#8220;preset1&#8243; header_text_shadow_horizontal_length=&#8220;0.08em&#8220; header_text_shadow_blur_strength=&#8220;0.03em&#8220; body_text_shadow_style=&#8220;preset2&#8243; button_text_shadow_style=&#8220;preset1&#8243; button_text_shadow_blur_strength=&#8220;0.05em&#8220; button_text_shadow_color=&#8220;#000000&#8243; global_colors_info=&#8220;{}&#8220;][\/et_pb_post_slider][\/et_pb_column][\/et_pb_row][\/et_pb_section]<\/p>\n","protected":false},"excerpt":{"rendered":"<p>Der \u00fcber 800 Jahre alte Ort Szentgotth\u00e1rd liegt im ungarisch-slowenisch-\u00f6sterreichischen Dreil\u00e4ndereck und spielte eine wichtige Rolle in der ungarischen Geschichte &#8211; von B\u00fck anderthalb Auto-Stunden entfernt. Die vielleicht h\u00e4ufigste Erw\u00e4hnung der Stadt ist auf die historische Schlacht von Szentgotth\u00e1rd im Jahre 1664 zur\u00fcckzuf\u00fchren, nach der sich diese Siedlung permanent weiterentwickelte. Dabei war die gro\u00dfe R\u00fcckkehr [&hellip;]<\/p>\n","protected":false},"author":3,"featured_media":4125,"comment_status":"closed","ping_status":"closed","sticky":false,"template":"","format":"standard","meta":{"_et_pb_use_builder":"on","_et_pb_old_content":"","_et_gb_content_width":"","footnotes":""},"categories":[39],"tags":[],"class_list":["post-4124","post","type-post","status-publish","format-standard","has-post-thumbnail","hentry","category-kornyek-de"],"yoast_head":"<!-- This site is optimized with the Yoast SEO plugin v27.2 - https:\/\/yoast.com\/product\/yoast-seo-wordpress\/ -->\n<title>Szentgotth\u00e1rd - Park Hotel - B\u00fck<\/title>\n<meta name=\"robots\" content=\"index, follow, max-snippet:-1, max-image-preview:large, max-video-preview:-1\" \/>\n<link rel=\"canonical\" href=\"https:\/\/parkhotelbuk.hu\/de\/szentgotthard\/\" \/>\n<meta property=\"og:locale\" content=\"de_DE\" \/>\n<meta property=\"og:type\" content=\"article\" \/>\n<meta property=\"og:title\" content=\"Szentgotth\u00e1rd - Park Hotel - B\u00fck\" \/>\n<meta property=\"og:description\" content=\"Der \u00fcber 800 Jahre alte Ort Szentgotth\u00e1rd liegt im ungarisch-slowenisch-\u00f6sterreichischen Dreil\u00e4ndereck und spielte eine wichtige Rolle in der ungarischen Geschichte - von B\u00fck anderthalb Auto-Stunden entfernt. Die vielleicht h\u00e4ufigste Erw\u00e4hnung der Stadt ist auf die historische Schlacht von Szentgotth\u00e1rd im Jahre 1664 zur\u00fcckzuf\u00fchren, nach der sich diese Siedlung permanent weiterentwickelte. Dabei war die gro\u00dfe R\u00fcckkehr [&hellip;]\" \/>\n<meta property=\"og:url\" content=\"https:\/\/parkhotelbuk.hu\/de\/szentgotthard\/\" \/>\n<meta property=\"og:site_name\" content=\"Park Hotel - B\u00fck\" \/>\n<meta property=\"article:published_time\" content=\"2021-03-16T08:42:33+00:00\" \/>\n<meta property=\"article:modified_time\" content=\"2023-02-23T12:33:56+00:00\" \/>\n<meta property=\"og:image\" content=\"https:\/\/parkhotelbuk.hu\/wp-content\/uploads\/2021\/03\/szentgotthard3.jpeg\" \/>\n\t<meta property=\"og:image:width\" content=\"1400\" \/>\n\t<meta property=\"og:image:height\" content=\"960\" \/>\n\t<meta property=\"og:image:type\" content=\"image\/jpeg\" \/>\n<meta name=\"author\" content=\"Hegyi Tam\u00e1s\" \/>\n<meta name=\"twitter:card\" content=\"summary_large_image\" \/>\n<meta name=\"twitter:label1\" content=\"Verfasst von\" \/>\n\t<meta name=\"twitter:data1\" content=\"Hegyi Tam\u00e1s\" \/>\n\t<meta name=\"twitter:label2\" content=\"Gesch\u00e4tzte Lesezeit\" \/>\n\t<meta name=\"twitter:data2\" content=\"3\u00a0Minuten\" \/>\n<script type=\"application\/ld+json\" class=\"yoast-schema-graph\">{\"@context\":\"https:\/\/schema.org\",\"@graph\":[{\"@type\":\"Article\",\"@id\":\"https:\/\/parkhotelbuk.hu\/de\/szentgotthard\/#article\",\"isPartOf\":{\"@id\":\"https:\/\/parkhotelbuk.hu\/de\/szentgotthard\/\"},\"author\":{\"name\":\"Hegyi Tam\u00e1s\",\"@id\":\"https:\/\/parkhotelbuk.hu\/#\/schema\/person\/41ceb0e8195b74cf68e53413c3b1acee\"},\"headline\":\"Szentgotth\u00e1rd\",\"datePublished\":\"2021-03-16T08:42:33+00:00\",\"dateModified\":\"2023-02-23T12:33:56+00:00\",\"mainEntityOfPage\":{\"@id\":\"https:\/\/parkhotelbuk.hu\/de\/szentgotthard\/\"},\"wordCount\":954,\"image\":{\"@id\":\"https:\/\/parkhotelbuk.hu\/de\/szentgotthard\/#primaryimage\"},\"thumbnailUrl\":\"https:\/\/parkhotelbuk.hu\/wp-content\/uploads\/2021\/03\/szentgotthard3.jpeg\",\"articleSection\":[\"K\u00f6rny\u00e9k\"],\"inLanguage\":\"de\"},{\"@type\":\"WebPage\",\"@id\":\"https:\/\/parkhotelbuk.hu\/de\/szentgotthard\/\",\"url\":\"https:\/\/parkhotelbuk.hu\/de\/szentgotthard\/\",\"name\":\"Szentgotth\u00e1rd - Park Hotel - B\u00fck\",\"isPartOf\":{\"@id\":\"https:\/\/parkhotelbuk.hu\/#website\"},\"primaryImageOfPage\":{\"@id\":\"https:\/\/parkhotelbuk.hu\/de\/szentgotthard\/#primaryimage\"},\"image\":{\"@id\":\"https:\/\/parkhotelbuk.hu\/de\/szentgotthard\/#primaryimage\"},\"thumbnailUrl\":\"https:\/\/parkhotelbuk.hu\/wp-content\/uploads\/2021\/03\/szentgotthard3.jpeg\",\"datePublished\":\"2021-03-16T08:42:33+00:00\",\"dateModified\":\"2023-02-23T12:33:56+00:00\",\"author\":{\"@id\":\"https:\/\/parkhotelbuk.hu\/#\/schema\/person\/41ceb0e8195b74cf68e53413c3b1acee\"},\"breadcrumb\":{\"@id\":\"https:\/\/parkhotelbuk.hu\/de\/szentgotthard\/#breadcrumb\"},\"inLanguage\":\"de\",\"potentialAction\":[{\"@type\":\"ReadAction\",\"target\":[\"https:\/\/parkhotelbuk.hu\/de\/szentgotthard\/\"]}]},{\"@type\":\"ImageObject\",\"inLanguage\":\"de\",\"@id\":\"https:\/\/parkhotelbuk.hu\/de\/szentgotthard\/#primaryimage\",\"url\":\"https:\/\/parkhotelbuk.hu\/wp-content\/uploads\/2021\/03\/szentgotthard3.jpeg\",\"contentUrl\":\"https:\/\/parkhotelbuk.hu\/wp-content\/uploads\/2021\/03\/szentgotthard3.jpeg\",\"width\":1400,\"height\":960,\"caption\":\"Szentgotth\u00e1rd\"},{\"@type\":\"BreadcrumbList\",\"@id\":\"https:\/\/parkhotelbuk.hu\/de\/szentgotthard\/#breadcrumb\",\"itemListElement\":[{\"@type\":\"ListItem\",\"position\":1,\"name\":\"Kezd\u0151lap\",\"item\":\"https:\/\/parkhotelbuk.hu\/de\/\"},{\"@type\":\"ListItem\",\"position\":2,\"name\":\"Szentgotth\u00e1rd\"}]},{\"@type\":\"WebSite\",\"@id\":\"https:\/\/parkhotelbuk.hu\/#website\",\"url\":\"https:\/\/parkhotelbuk.hu\/\",\"name\":\"Park Hotel - B\u00fck\",\"description\":\"B\u00fck leg\u00fajabb n\u00e9gycsillagos sz\u00e1llod\u00e1ja\",\"potentialAction\":[{\"@type\":\"SearchAction\",\"target\":{\"@type\":\"EntryPoint\",\"urlTemplate\":\"https:\/\/parkhotelbuk.hu\/?s={search_term_string}\"},\"query-input\":{\"@type\":\"PropertyValueSpecification\",\"valueRequired\":true,\"valueName\":\"search_term_string\"}}],\"inLanguage\":\"de\"},{\"@type\":\"Person\",\"@id\":\"https:\/\/parkhotelbuk.hu\/#\/schema\/person\/41ceb0e8195b74cf68e53413c3b1acee\",\"name\":\"Hegyi Tam\u00e1s\",\"image\":{\"@type\":\"ImageObject\",\"inLanguage\":\"de\",\"@id\":\"https:\/\/secure.gravatar.com\/avatar\/09dcaf71bb69536a6523e2a77aee4f1dca39e1bc790a71bf3e5e5a72b9a88765?s=96&d=mm&r=g\",\"url\":\"https:\/\/secure.gravatar.com\/avatar\/09dcaf71bb69536a6523e2a77aee4f1dca39e1bc790a71bf3e5e5a72b9a88765?s=96&d=mm&r=g\",\"contentUrl\":\"https:\/\/secure.gravatar.com\/avatar\/09dcaf71bb69536a6523e2a77aee4f1dca39e1bc790a71bf3e5e5a72b9a88765?s=96&d=mm&r=g\",\"caption\":\"Hegyi Tam\u00e1s\"},\"url\":\"https:\/\/parkhotelbuk.hu\/de\/author\/hegyi-tamas\/\"}]}<\/script>\n<!-- \/ Yoast SEO plugin. -->","yoast_head_json":{"title":"Szentgotth\u00e1rd - Park Hotel - B\u00fck","robots":{"index":"index","follow":"follow","max-snippet":"max-snippet:-1","max-image-preview":"max-image-preview:large","max-video-preview":"max-video-preview:-1"},"canonical":"https:\/\/parkhotelbuk.hu\/de\/szentgotthard\/","og_locale":"de_DE","og_type":"article","og_title":"Szentgotth\u00e1rd - Park Hotel - B\u00fck","og_description":"Der \u00fcber 800 Jahre alte Ort Szentgotth\u00e1rd liegt im ungarisch-slowenisch-\u00f6sterreichischen Dreil\u00e4ndereck und spielte eine wichtige Rolle in der ungarischen Geschichte - von B\u00fck anderthalb Auto-Stunden entfernt. Die vielleicht h\u00e4ufigste Erw\u00e4hnung der Stadt ist auf die historische Schlacht von Szentgotth\u00e1rd im Jahre 1664 zur\u00fcckzuf\u00fchren, nach der sich diese Siedlung permanent weiterentwickelte. Dabei war die gro\u00dfe R\u00fcckkehr [&hellip;]","og_url":"https:\/\/parkhotelbuk.hu\/de\/szentgotthard\/","og_site_name":"Park Hotel - B\u00fck","article_published_time":"2021-03-16T08:42:33+00:00","article_modified_time":"2023-02-23T12:33:56+00:00","og_image":[{"width":1400,"height":960,"url":"https:\/\/parkhotelbuk.hu\/wp-content\/uploads\/2021\/03\/szentgotthard3.jpeg","type":"image\/jpeg"}],"author":"Hegyi Tam\u00e1s","twitter_card":"summary_large_image","twitter_misc":{"Verfasst von":"Hegyi Tam\u00e1s","Gesch\u00e4tzte Lesezeit":"3\u00a0Minuten"},"schema":{"@context":"https:\/\/schema.org","@graph":[{"@type":"Article","@id":"https:\/\/parkhotelbuk.hu\/de\/szentgotthard\/#article","isPartOf":{"@id":"https:\/\/parkhotelbuk.hu\/de\/szentgotthard\/"},"author":{"name":"Hegyi Tam\u00e1s","@id":"https:\/\/parkhotelbuk.hu\/#\/schema\/person\/41ceb0e8195b74cf68e53413c3b1acee"},"headline":"Szentgotth\u00e1rd","datePublished":"2021-03-16T08:42:33+00:00","dateModified":"2023-02-23T12:33:56+00:00","mainEntityOfPage":{"@id":"https:\/\/parkhotelbuk.hu\/de\/szentgotthard\/"},"wordCount":954,"image":{"@id":"https:\/\/parkhotelbuk.hu\/de\/szentgotthard\/#primaryimage"},"thumbnailUrl":"https:\/\/parkhotelbuk.hu\/wp-content\/uploads\/2021\/03\/szentgotthard3.jpeg","articleSection":["K\u00f6rny\u00e9k"],"inLanguage":"de"},{"@type":"WebPage","@id":"https:\/\/parkhotelbuk.hu\/de\/szentgotthard\/","url":"https:\/\/parkhotelbuk.hu\/de\/szentgotthard\/","name":"Szentgotth\u00e1rd - Park Hotel - B\u00fck","isPartOf":{"@id":"https:\/\/parkhotelbuk.hu\/#website"},"primaryImageOfPage":{"@id":"https:\/\/parkhotelbuk.hu\/de\/szentgotthard\/#primaryimage"},"image":{"@id":"https:\/\/parkhotelbuk.hu\/de\/szentgotthard\/#primaryimage"},"thumbnailUrl":"https:\/\/parkhotelbuk.hu\/wp-content\/uploads\/2021\/03\/szentgotthard3.jpeg","datePublished":"2021-03-16T08:42:33+00:00","dateModified":"2023-02-23T12:33:56+00:00","author":{"@id":"https:\/\/parkhotelbuk.hu\/#\/schema\/person\/41ceb0e8195b74cf68e53413c3b1acee"},"breadcrumb":{"@id":"https:\/\/parkhotelbuk.hu\/de\/szentgotthard\/#breadcrumb"},"inLanguage":"de","potentialAction":[{"@type":"ReadAction","target":["https:\/\/parkhotelbuk.hu\/de\/szentgotthard\/"]}]},{"@type":"ImageObject","inLanguage":"de","@id":"https:\/\/parkhotelbuk.hu\/de\/szentgotthard\/#primaryimage","url":"https:\/\/parkhotelbuk.hu\/wp-content\/uploads\/2021\/03\/szentgotthard3.jpeg","contentUrl":"https:\/\/parkhotelbuk.hu\/wp-content\/uploads\/2021\/03\/szentgotthard3.jpeg","width":1400,"height":960,"caption":"Szentgotth\u00e1rd"},{"@type":"BreadcrumbList","@id":"https:\/\/parkhotelbuk.hu\/de\/szentgotthard\/#breadcrumb","itemListElement":[{"@type":"ListItem","position":1,"name":"Kezd\u0151lap","item":"https:\/\/parkhotelbuk.hu\/de\/"},{"@type":"ListItem","position":2,"name":"Szentgotth\u00e1rd"}]},{"@type":"WebSite","@id":"https:\/\/parkhotelbuk.hu\/#website","url":"https:\/\/parkhotelbuk.hu\/","name":"Park Hotel - B\u00fck","description":"B\u00fck leg\u00fajabb n\u00e9gycsillagos sz\u00e1llod\u00e1ja","potentialAction":[{"@type":"SearchAction","target":{"@type":"EntryPoint","urlTemplate":"https:\/\/parkhotelbuk.hu\/?s={search_term_string}"},"query-input":{"@type":"PropertyValueSpecification","valueRequired":true,"valueName":"search_term_string"}}],"inLanguage":"de"},{"@type":"Person","@id":"https:\/\/parkhotelbuk.hu\/#\/schema\/person\/41ceb0e8195b74cf68e53413c3b1acee","name":"Hegyi Tam\u00e1s","image":{"@type":"ImageObject","inLanguage":"de","@id":"https:\/\/secure.gravatar.com\/avatar\/09dcaf71bb69536a6523e2a77aee4f1dca39e1bc790a71bf3e5e5a72b9a88765?s=96&d=mm&r=g","url":"https:\/\/secure.gravatar.com\/avatar\/09dcaf71bb69536a6523e2a77aee4f1dca39e1bc790a71bf3e5e5a72b9a88765?s=96&d=mm&r=g","contentUrl":"https:\/\/secure.gravatar.com\/avatar\/09dcaf71bb69536a6523e2a77aee4f1dca39e1bc790a71bf3e5e5a72b9a88765?s=96&d=mm&r=g","caption":"Hegyi Tam\u00e1s"},"url":"https:\/\/parkhotelbuk.hu\/de\/author\/hegyi-tamas\/"}]}},"_links":{"self":[{"href":"https:\/\/parkhotelbuk.hu\/de\/wp-json\/wp\/v2\/posts\/4124","targetHints":{"allow":["GET"]}}],"collection":[{"href":"https:\/\/parkhotelbuk.hu\/de\/wp-json\/wp\/v2\/posts"}],"about":[{"href":"https:\/\/parkhotelbuk.hu\/de\/wp-json\/wp\/v2\/types\/post"}],"author":[{"embeddable":true,"href":"https:\/\/parkhotelbuk.hu\/de\/wp-json\/wp\/v2\/users\/3"}],"replies":[{"embeddable":true,"href":"https:\/\/parkhotelbuk.hu\/de\/wp-json\/wp\/v2\/comments?post=4124"}],"version-history":[{"count":0,"href":"https:\/\/parkhotelbuk.hu\/de\/wp-json\/wp\/v2\/posts\/4124\/revisions"}],"wp:featuredmedia":[{"embeddable":true,"href":"https:\/\/parkhotelbuk.hu\/de\/wp-json\/wp\/v2\/media\/4125"}],"wp:attachment":[{"href":"https:\/\/parkhotelbuk.hu\/de\/wp-json\/wp\/v2\/media?parent=4124"}],"wp:term":[{"taxonomy":"category","embeddable":true,"href":"https:\/\/parkhotelbuk.hu\/de\/wp-json\/wp\/v2\/categories?post=4124"},{"taxonomy":"post_tag","embeddable":true,"href":"https:\/\/parkhotelbuk.hu\/de\/wp-json\/wp\/v2\/tags?post=4124"}],"curies":[{"name":"wp","href":"https:\/\/api.w.org\/{rel}","templated":true}]}}