{"id":5570,"date":"2021-03-10T14:30:48","date_gmt":"2021-03-10T13:30:48","guid":{"rendered":"https:\/\/parkhotelbuk.hu\/szombathely\/"},"modified":"2022-06-21T14:52:51","modified_gmt":"2022-06-21T12:52:51","slug":"szombathely","status":"publish","type":"post","link":"https:\/\/parkhotelbuk.hu\/cs\/szombathely\/","title":{"rendered":"Szombathely"},"content":{"rendered":"<p>[et_pb_section fb_built=&#8220;1&#8243; fullwidth=&#8220;on&#8220; admin_label=&#8220;Szakasz&#8220; _builder_version=&#8220;4.7.7&#8243; _module_preset=&#8220;default&#8220; custom_margin=&#8220;||||false|false&#8220; top_divider_height=&#8220;49px&#8220; saved_tabs=&#8220;all&#8220;][et_pb_fullwidth_post_title meta=&#8220;off&#8220; featured_placement=&#8220;background&#8220; _builder_version=&#8220;4.9.2&#8243; _module_preset=&#8220;default&#8220; title_font=&#8220;Bebas Neue||||||||&#8220; title_text_align=&#8220;center&#8220; title_text_color=&#8220;#ffffff&#8220; title_letter_spacing=&#8220;6px&#8220; background_color=&#8220;rgba(84,84,84,0.54)&#8220; use_background_color_gradient=&#8220;on&#8220; background_color_gradient_start=&#8220;#5a9612&#8243; background_color_gradient_end=&#8220;rgba(0,0,0,0.42)&#8220; background_color_gradient_end_position=&#8220;40%&#8220; background_color_gradient_overlays_image=&#8220;on&#8220; background_image=&#8220;https:\/\/parkhotelbuk.hu\/wp-content\/uploads\/2021\/03\/buk-parkhotel-kultura-szinhaz-programok-2.jpg&#8220; min_height=&#8220;70vh&#8220; min_height_tablet=&#8220;&#8220; min_height_phone=&#8220;&#8220; min_height_last_edited=&#8220;on|desktop&#8220; custom_margin=&#8220;0px||||false|false&#8220; custom_padding=&#8220;50vh||||false|false&#8220; filter_saturate=&#8220;133%&#8220; filter_brightness=&#8220;108%&#8220; filter_invert=&#8220;8%&#8220; filter_sepia=&#8220;7%&#8220; title_text_shadow_style=&#8220;preset5&#8243; title_text_shadow_blur_strength=&#8220;0.08em&#8220; title_text_shadow_color=&#8220;#000000&#8243;][\/et_pb_fullwidth_post_title][\/et_pb_section][et_pb_section fb_built=&#8220;1&#8243; _builder_version=&#8220;4.7.7&#8243; _module_preset=&#8220;default&#8220;][et_pb_row _builder_version=&#8220;4.7.7&#8243; _module_preset=&#8220;default&#8220; width=&#8220;85%&#8220; max_width=&#8220;100%&#8220; min_height=&#8220;220px&#8220; custom_css_main_element=&#8220;display: flex;||align-items: center;&#8220; custom_css_main_element_tablet=&#8220;display:block&#8220; custom_css_main_element_phone=&#8220;display: block&#8220; custom_css_main_element_last_edited=&#8220;on|tablet&#8220;][et_pb_column type=&#8220;4_4&#8243; _builder_version=&#8220;4.7.7&#8243; _module_preset=&#8220;default&#8220;][et_pb_text _builder_version=&#8220;4.9.2&#8243; _module_preset=&#8220;default&#8220; text_orientation=&#8220;justified&#8220; hover_enabled=&#8220;0&#8243; sticky_enabled=&#8220;0&#8243;]<\/p>\n<p>Krajsk\u00e9 s\u00eddlo le\u017e\u00ed jen p\u016fl hodiny j\u00edzdy od l\u00e1ze\u0148sk\u00e9ho m\u011bsta a je mimo\u0159\u00e1dn\u011b bohat\u00e9 na historick\u00e9 pam\u00e1tky, zejm\u00e9na z doby \u0159\u00edmsk\u00e9. Nejzn\u00e1m\u011bj\u0161\u00ed atrakc\u00ed m\u011bsta je karneval Savaria, jeho\u017e c\u00edlem je p\u0159ipomenout tyto historick\u00e9 ko\u0159eny. N\u00e1v\u0161t\u011bva Szombathely se samoz\u0159ejm\u011b nevyplat\u00ed jen v srpnu, proto\u017ee jeho ru\u0161n\u00fd kulturn\u00ed \u017eivot, stejn\u011b jako divadlo a restaurace nab\u00edzej\u00ed ka\u017ed\u00fd den n\u011bco vzru\u0161uj\u00edc\u00edho.<\/p>\n<p>[\/et_pb_text][et_pb_text _builder_version=&#8220;4.9.2&#8243; _module_preset=&#8220;default&#8220; header_2_font=&#8220;Bebas Neue||||||||&#8220; header_2_text_align=&#8220;center&#8220; header_2_text_color=&#8220;#5b8500&#8243; header_2_letter_spacing=&#8220;3px&#8220; text_orientation=&#8220;justified&#8220; hover_enabled=&#8220;0&#8243; locked=&#8220;off&#8220; sticky_enabled=&#8220;0&#8243;]<\/p>\n<h2>Szombathely<\/h2>\n<p>T\u00e9m\u011b\u0159 2000 let dlouh\u00e1 historie Savaria-Szombathely je v Ma\u010farsku jedine\u010dn\u00e1, proto\u017ee je to jedin\u00e9 m\u011bsto v Karpatsk\u00e9 kotlin\u011b, kter\u00e9 je nep\u0159etr\u017eit\u011b obydleno od sv\u00e9ho zalo\u017een\u00ed v \u0159\u00edmsk\u00e9 dob\u011b. Osada \u2014 um\u00edst\u011bn\u00e1 v bl\u00edzkosti strategicky d\u016fle\u017eit\u00e9 Jantarov\u00e9 stezky \u2014 byla kolonizov\u00e1na c\u00edsa\u0159em Claudiem kolem roku 50 na\u0161eho letopo\u010dtu. Historick\u00e9 pam\u00e1tky t\u00e9to doby dodnes ovliv\u0148uj\u00ed \u017eivot krajsk\u00e9ho s\u00eddla i ka\u017edodenn\u00ed \u017eivot obyvatel.<\/p>\n<p>[\/et_pb_text][\/et_pb_column][\/et_pb_row][et_pb_row column_structure=&#8220;2_3,1_3&#8243; _builder_version=&#8220;4.9.2&#8243; _module_preset=&#8220;default&#8220; width=&#8220;85%&#8220; max_width=&#8220;100%&#8220; min_height=&#8220;220px&#8220; custom_css_main_element_last_edited=&#8220;on|tablet&#8220; custom_css_main_element_phone=&#8220;display: block&#8220; custom_css_main_element_tablet=&#8220;display:block&#8220;][et_pb_column type=&#8220;2_3&#8243; _builder_version=&#8220;4.7.7&#8243; _module_preset=&#8220;default&#8220; custom_css_main_element=&#8220;overflow: hidden;&#8220;][et_pb_text _builder_version=&#8220;4.9.2&#8243; _module_preset=&#8220;default&#8220; text_orientation=&#8220;justified&#8220; hover_enabled=&#8220;0&#8243; locked=&#8220;off&#8220; sticky_enabled=&#8220;0&#8243;]<\/p>\n<p>Dne\u0161n\u00ed m\u011bsto se m\u016f\u017ee pochlubit nejen fascinuj\u00edc\u00ed minulost\u00ed, ale tak\u00e9 jasnou sou\u010dasnost\u00ed a je\u0161t\u011b z\u00e1\u0159iv\u011bj\u0161\u00ed budoucnost\u00ed. Jedn\u00edm z nejd\u016fle\u017eit\u011bj\u0161\u00edch symbol\u016f Szombathely je Isisin chr\u00e1m v Iseu, kter\u00fd dob\u0159e ukazuje, \u017ee prohl\u00eddka m\u011bsta za\u010d\u00edn\u00e1 u pam\u00e1tek z \u0159\u00edmsk\u00e9 \u00e9ry. Dnes se mezi n\u00e1dhern\u011b zrestaurovan\u00fdmi korintsk\u00fdmi sloupy konaj\u00ed i klasick\u00e9 koncerty a poslech p\u0159edstaven\u00ed Kouzeln\u00e9 fl\u00e9tny v trosk\u00e1ch Tempe of Isis, kdy\u017e sbor za\u010d\u00edn\u00e1 zp\u00edvat pod hv\u011bzdnou letn\u00ed oblohou, evokuje nejen kouzlo star\u00fdch ritu\u00e1l\u016f, ale tak\u00e9 spojuje prost\u0159ednictv\u00edm Mozartovy hudby \u0159\u00edmskou \u00e9ru Savaria a barokn\u00ed styl Szombathely.<\/p>\n<p>[\/et_pb_text][\/et_pb_column][et_pb_column type=&#8220;1_3&#8243; _builder_version=&#8220;4.9.2&#8243; _module_preset=&#8220;default&#8220; custom_css_main_element=&#8220;overflow: hidden;&#8220;][et_pb_image src=&#8220;https:\/\/parkhotelbuk.hu\/wp-content\/uploads\/2021\/02\/parkhotel-buk-szombathely-makettvaros-iseum-1.jpg&#8220; alt=&#8220;Isis-szent\u00e9ly&#8220; title_text=&#8220;Isis-szent\u00e9ly&#8220; show_in_lightbox=&#8220;on&#8220; force_fullwidth=&#8220;on&#8220; _builder_version=&#8220;4.9.2&#8243; _module_preset=&#8220;default&#8220; filter_saturate=&#8220;127%&#8220; filter_brightness=&#8220;110%&#8220; filter_invert=&#8220;7%&#8220; filter_sepia=&#8220;3%&#8220; custom_css_main_element=&#8220;transition: transform .5s ease;&#8220; box_shadow_style=&#8220;preset6&#8243; box_shadow_blur=&#8220;9px&#8220; box_shadow_spread=&#8220;4px&#8220; locked=&#8220;off&#8220; custom_css_main_element__hover=&#8220;transform: scale(1.2);&#8220; custom_css_main_element__hover_enabled=&#8220;on|hover&#8220;][\/et_pb_image][et_pb_text _builder_version=&#8220;4.9.2&#8243; _module_preset=&#8220;default&#8220; text_font_size=&#8220;27px&#8220; header_2_font=&#8220;Bebas Neue||||||||&#8220; header_2_text_color=&#8220;#ffffff&#8220; custom_margin=&#8220;-100px||||false|false&#8220; custom_padding=&#8220;|||30px|false|false&#8220; hover_enabled=&#8220;0&#8243; header_2_text_shadow_style=&#8220;preset1&#8243; header_2_text_shadow_vertical_length=&#8220;0.09em&#8220; header_2_text_shadow_blur_strength=&#8220;0.11em&#8220; header_2_text_shadow_color=&#8220;#000000&#8243; locked=&#8220;off&#8220; transform_styles__hover_enabled=&#8220;on|hover&#8220; transform_scale__hover_enabled=&#8220;on|hover&#8220; transform_translate__hover_enabled=&#8220;on|desktop&#8220; transform_rotate__hover_enabled=&#8220;on|desktop&#8220; transform_skew__hover_enabled=&#8220;on|desktop&#8220; transform_origin__hover_enabled=&#8220;on|desktop&#8220; transform_scale__hover=&#8220;95%|95%&#8220; sticky_enabled=&#8220;0&#8243;]<\/p>\n<h2>Chr\u00e1m Isis<\/h2>\n<p>[\/et_pb_text][et_pb_text _builder_version=&#8220;4.9.2&#8243; _module_preset=&#8220;default&#8220; text_font_size=&#8220;18px&#8220; text_line_height=&#8220;1.2em&#8220; background_color=&#8220;#ffefd6&#8243; custom_margin=&#8220;-25px||||false|false&#8220; custom_padding=&#8220;10px|10px|10px|10px|false|false&#8220; hover_enabled=&#8220;0&#8243; border_color_all=&#8220;#d6d6d6&#8243; border_width_right=&#8220;1px&#8220; border_width_bottom=&#8220;1px&#8220; border_width_left=&#8220;1px&#8220; locked=&#8220;off&#8220; sticky_enabled=&#8220;0&#8243;]<\/p>\n<p>Szombathely je nejstar\u0161\u00ed nep\u0159etr\u017eit\u011b obydlen\u00e9 m\u011bsto Ma\u010farska<\/p>\n<p>[\/et_pb_text][\/et_pb_column][\/et_pb_row][et_pb_row column_structure=&#8220;1_3,2_3&#8243; _builder_version=&#8220;4.7.7&#8243; _module_preset=&#8220;default&#8220; width=&#8220;85%&#8220; max_width=&#8220;100%&#8220; min_height=&#8220;220px&#8220; custom_css_main_element_last_edited=&#8220;on|tablet&#8220; custom_css_main_element_phone=&#8220;display: block&#8220; custom_css_main_element_tablet=&#8220;display:block&#8220;][et_pb_column type=&#8220;1_3&#8243; _builder_version=&#8220;4.7.7&#8243; _module_preset=&#8220;default&#8220; custom_css_main_element=&#8220;overflow: hidden;&#8220;][et_pb_image src=&#8220;https:\/\/parkhotelbuk.hu\/wp-content\/uploads\/2021\/02\/parkhotel-buk-szombathely-foter-22.jpg&#8220; alt=&#8220;Szombathely f\u0151tere&#8220; title_text=&#8220;Szombathely f\u0151tere&#8220; show_in_lightbox=&#8220;on&#8220; force_fullwidth=&#8220;on&#8220; _builder_version=&#8220;4.7.7&#8243; _module_preset=&#8220;default&#8220; filter_saturate=&#8220;127%&#8220; filter_brightness=&#8220;110%&#8220; filter_invert=&#8220;7%&#8220; filter_sepia=&#8220;3%&#8220; custom_css_main_element=&#8220;transition: transform .5s ease;&#8220; box_shadow_style=&#8220;preset6&#8243; box_shadow_blur=&#8220;9px&#8220; box_shadow_spread=&#8220;4px&#8220; custom_css_main_element__hover=&#8220;transform: scale(1.2);&#8220; custom_css_main_element__hover_enabled=&#8220;on|hover&#8220;][\/et_pb_image][et_pb_text _builder_version=&#8220;4.9.2&#8243; _module_preset=&#8220;default&#8220; header_2_font=&#8220;Bebas Neue||||||||&#8220; header_2_text_color=&#8220;#ffffff&#8220; custom_margin=&#8220;-100px||||false|false&#8220; custom_padding=&#8220;|||30px|false|false&#8220; hover_enabled=&#8220;0&#8243; header_2_text_shadow_style=&#8220;preset1&#8243; header_2_text_shadow_vertical_length=&#8220;0.09em&#8220; header_2_text_shadow_blur_strength=&#8220;0.11em&#8220; header_2_text_shadow_color=&#8220;#000000&#8243; locked=&#8220;off&#8220; transform_styles__hover_enabled=&#8220;on|hover&#8220; transform_scale__hover_enabled=&#8220;on|hover&#8220; transform_translate__hover_enabled=&#8220;on|desktop&#8220; transform_rotate__hover_enabled=&#8220;on|desktop&#8220; transform_skew__hover_enabled=&#8220;on|desktop&#8220; transform_origin__hover_enabled=&#8220;on|desktop&#8220; transform_scale__hover=&#8220;95%|95%&#8220; sticky_enabled=&#8220;0&#8243;]<\/p>\n<h2>n\u00e1m\u011bst\u00ed F\u0151<\/h2>\n<p>[\/et_pb_text][et_pb_text _builder_version=&#8220;4.9.2&#8243; _module_preset=&#8220;default&#8220; text_font_size=&#8220;18px&#8220; text_line_height=&#8220;1.2em&#8220; background_color=&#8220;#ffefd6&#8243; custom_margin=&#8220;-25px||||false|false&#8220; custom_padding=&#8220;10px|10px|10px|10px|false|false&#8220; hover_enabled=&#8220;0&#8243; border_color_all=&#8220;#d6d6d6&#8243; border_width_right=&#8220;1px&#8220; border_width_bottom=&#8220;1px&#8220; border_width_left=&#8220;1px&#8220; locked=&#8220;off&#8220; sticky_enabled=&#8220;0&#8243;]<\/p>\n<p>N\u00e1m\u011bst\u00ed F\u0151 s mnoha kav\u00e1rnami a pulzuj\u00edc\u00edm \u017eivotem je skute\u010dn\u00fdm srdcem m\u011bsta.<\/p>\n<p>[\/et_pb_text][\/et_pb_column][et_pb_column type=&#8220;2_3&#8243; _builder_version=&#8220;4.7.7&#8243; _module_preset=&#8220;default&#8220;][et_pb_text _builder_version=&#8220;4.9.2&#8243; _module_preset=&#8220;default&#8220; text_orientation=&#8220;justified&#8220; hover_enabled=&#8220;0&#8243; sticky_enabled=&#8220;0&#8243;]<\/p>\n<p>Hlavn\u00ed n\u00e1m\u011bst\u00ed m\u011bsta je tak\u00e9 intelektu\u00e1ln\u00edm a kulturn\u00edm centrem m\u00edstn\u00edho \u017eivota. V\u011bt\u0161ina budov je zde klasicistn\u00edho, barokn\u00edho a eklektick\u00e9ho stylu. Stoj\u00ed za to nav\u0161t\u00edvit m\u00edstn\u00ed pobo\u010dku OTP Bank, kde \u2013 proch\u00e1zkami po sklen\u011bn\u00fdch cihl\u00e1ch \u2013 lze objevit dochovan\u00e9 a zrestaurovan\u00e9 kusy starov\u011bk\u00e9ho m\u011bsta.<br \/>Po obdivov\u00e1n\u00ed poz\u016fstatk\u016f \u0159\u00edmsk\u00e9 \u00e9ry pokra\u010dujte Biskupsk\u00fdm pal\u00e1cem postaven\u00fdm biskupem J\u00e1nosem Szilym a monument\u00e1ln\u00ed katedr\u00e1lou vedle n\u011bj, kter\u00e1 je nejv\u011bt\u0161\u00ed v kraji Vas a t\u0159et\u00ed nejv\u011bt\u0161\u00ed v Ma\u010farsku. Tyto dv\u011b budovy bohat\u011b dokresluj\u00ed n\u00e1bo\u017eenskou kulturu krajsk\u00e9ho s\u00eddla a sv\u00fdm impozantn\u00edm vzhledem pr\u00e1vem p\u0159itahuj\u00ed pozornost kolemjdouc\u00edch.<br \/>Atmosf\u00e9ra n\u00e1m\u011bst\u00ed F\u0151, Berzsenyiho n\u00e1m\u011bst\u00ed a ulice Szily J\u00e1nos d\u00e1v\u00e1 skute\u010dn\u00fd vhled do \u017eivota historick\u00e9ho centra m\u011bsta.<\/p>\n<p>[\/et_pb_text][\/et_pb_column][\/et_pb_row][et_pb_row column_structure=&#8220;2_3,1_3&#8243; _builder_version=&#8220;4.7.7&#8243; _module_preset=&#8220;default&#8220; width=&#8220;85%&#8220; max_width=&#8220;100%&#8220; min_height=&#8220;220px&#8220; custom_css_main_element_last_edited=&#8220;on|tablet&#8220; custom_css_main_element_phone=&#8220;display: block&#8220; custom_css_main_element_tablet=&#8220;display:block&#8220;][et_pb_column type=&#8220;2_3&#8243; _builder_version=&#8220;4.7.7&#8243; _module_preset=&#8220;default&#8220;][et_pb_text _builder_version=&#8220;4.9.2&#8243; _module_preset=&#8220;default&#8220; text_orientation=&#8220;justified&#8220; hover_enabled=&#8220;0&#8243; locked=&#8220;off&#8220; sticky_enabled=&#8220;0&#8243;]<\/p>\n<p>Toho, kdo hled\u00e1 ni\u010d\u00edm neru\u0161enou p\u0159\u00edrodu, uchv\u00e1t\u00ed jez\u00edrko pro \u010dluny a jeho okol\u00ed.<\/p>\n<p>V kout\u011b lesa se skr\u00fdv\u00e1 skanzen, kde byly budovy z 18.\u201319. stolet\u00ed \u2013 rozebran\u00e9 a p\u0159evezen\u00e9 sem z r\u016fzn\u00fdch m\u00edst kraje \u2013 postaveny stejnou stavebn\u00ed technikou, jakou byly p\u016fvodn\u011b postaveny. Vznikl\u00e9 lidov\u00e9 muzeum je obl\u00edben\u00fdm m\u00edstem akc\u00ed a festival\u016f, ale nab\u00edz\u00ed i nadpr\u016fm\u011brn\u00e9 z\u00e1\u017eitky i v \u201eb\u011b\u017en\u00fdch\u201c v\u0161edn\u00edch dnech.<br \/>Dal\u0161\u00edm vrcholem pro milovn\u00edky p\u0159\u00edrody je Arboretum K\u00e1mon na okraji m\u011bsta. Jeho hlavn\u00edm l\u00e1kadlem je \u2013 krom\u011b rostlin \u2013 tzv. dendrocolor skalka tvo\u0159en\u00e1 r\u016fzn\u011b zbarven\u00fdmi rostlinn\u00fdmi z\u00e1platami. Mnoho lid\u00ed nav\u0161t\u011bvuje okouzluj\u00edc\u00ed zahradu na pikniky, proch\u00e1zky a dokonce i b\u011bhy.<\/p>\n<p>[\/et_pb_text][\/et_pb_column][et_pb_column type=&#8220;1_3&#8243; _builder_version=&#8220;4.7.7&#8243; _module_preset=&#8220;default&#8220; custom_css_main_element=&#8220;overflow: hidden;&#8220;][et_pb_image src=&#8220;https:\/\/parkhotelbuk.hu\/wp-content\/uploads\/2021\/02\/parkhotel-buk-csonakazoto.jpg&#8220; alt=&#8220;Cs\u00f3nak\u00e1z\u00f3 t\u00f3&#8220; title_text=&#8220;Cs\u00f3nak\u00e1z\u00f3 t\u00f3&#8220; show_in_lightbox=&#8220;on&#8220; force_fullwidth=&#8220;on&#8220; _builder_version=&#8220;4.7.7&#8243; _module_preset=&#8220;default&#8220; filter_saturate=&#8220;127%&#8220; filter_brightness=&#8220;110%&#8220; filter_invert=&#8220;7%&#8220; filter_sepia=&#8220;3%&#8220; custom_css_main_element=&#8220;transition: transform .5s ease;&#8220; box_shadow_style=&#8220;preset6&#8243; box_shadow_blur=&#8220;9px&#8220; box_shadow_spread=&#8220;4px&#8220; locked=&#8220;off&#8220; custom_css_main_element__hover=&#8220;transform: scale(1.2);&#8220; custom_css_main_element__hover_enabled=&#8220;on|hover&#8220;][\/et_pb_image][et_pb_text _builder_version=&#8220;4.9.2&#8243; _module_preset=&#8220;default&#8220; header_2_font=&#8220;Bebas Neue||||||||&#8220; header_2_text_color=&#8220;#ffffff&#8220; custom_margin=&#8220;-100px||||false|false&#8220; custom_padding=&#8220;|||30px|false|false&#8220; hover_enabled=&#8220;0&#8243; header_2_text_shadow_style=&#8220;preset1&#8243; header_2_text_shadow_vertical_length=&#8220;0.09em&#8220; header_2_text_shadow_blur_strength=&#8220;0.11em&#8220; header_2_text_shadow_color=&#8220;#000000&#8243; locked=&#8220;off&#8220; transform_styles__hover_enabled=&#8220;on|hover&#8220; transform_scale__hover_enabled=&#8220;on|hover&#8220; transform_translate__hover_enabled=&#8220;on|desktop&#8220; transform_rotate__hover_enabled=&#8220;on|desktop&#8220; transform_skew__hover_enabled=&#8220;on|desktop&#8220; transform_origin__hover_enabled=&#8220;on|desktop&#8220; transform_scale__hover=&#8220;95%|95%&#8220; sticky_enabled=&#8220;0&#8243;]<\/p>\n<h2>Vod\u00e1ck\u00e9 jezero<\/h2>\n<p>[\/et_pb_text][et_pb_text _builder_version=&#8220;4.9.2&#8243; _module_preset=&#8220;default&#8220; text_font_size=&#8220;18px&#8220; text_line_height=&#8220;1.2em&#8220; background_color=&#8220;#ffefd6&#8243; custom_margin=&#8220;-25px||||false|false&#8220; custom_padding=&#8220;10px|10px|10px|10px|false|false&#8220; hover_enabled=&#8220;0&#8243; border_color_all=&#8220;#d6d6d6&#8243; border_width_right=&#8220;1px&#8220; border_width_bottom=&#8220;1px&#8220; border_width_left=&#8220;1px&#8220; locked=&#8220;off&#8220; sticky_enabled=&#8220;0&#8243;]<\/p>\n<p>A green paradise just a stone\u2019s throw from the inner city.<\/p>\n<p>[\/et_pb_text][\/et_pb_column][\/et_pb_row][et_pb_row column_structure=&#8220;1_3,2_3&#8243; _builder_version=&#8220;4.7.7&#8243; _module_preset=&#8220;default&#8220; width=&#8220;85%&#8220; max_width=&#8220;100%&#8220; min_height=&#8220;220px&#8220; custom_css_main_element_last_edited=&#8220;on|tablet&#8220; custom_css_main_element_phone=&#8220;display: block&#8220; custom_css_main_element_tablet=&#8220;display:block&#8220;][et_pb_column type=&#8220;1_3&#8243; _builder_version=&#8220;4.7.7&#8243; _module_preset=&#8220;default&#8220; custom_css_main_element=&#8220;overflow: hidden;&#8220;][et_pb_image src=&#8220;https:\/\/parkhotelbuk.hu\/wp-content\/uploads\/2021\/02\/parkhotel-buk-karneval.jpg&#8220; alt=&#8220;Savaria T\u00f6rt\u00e9nelmi Karnev\u00e1l&#8220; title_text=&#8220;Savaria T\u00f6rt\u00e9nelmi Karnev\u00e1l&#8220; show_in_lightbox=&#8220;on&#8220; force_fullwidth=&#8220;on&#8220; _builder_version=&#8220;4.7.7&#8243; _module_preset=&#8220;default&#8220; filter_saturate=&#8220;127%&#8220; filter_brightness=&#8220;110%&#8220; filter_invert=&#8220;7%&#8220; filter_sepia=&#8220;3%&#8220; custom_css_main_element=&#8220;transition: transform .5s ease;&#8220; box_shadow_style=&#8220;preset6&#8243; box_shadow_blur=&#8220;9px&#8220; box_shadow_spread=&#8220;4px&#8220; custom_css_main_element__hover=&#8220;transform: scale(1.2);&#8220; custom_css_main_element__hover_enabled=&#8220;on|hover&#8220;][\/et_pb_image][et_pb_text _builder_version=&#8220;4.9.2&#8243; _module_preset=&#8220;default&#8220; header_2_font=&#8220;Bebas Neue||||||||&#8220; header_2_text_color=&#8220;#ffffff&#8220; custom_margin=&#8220;-100px||||false|false&#8220; custom_padding=&#8220;|||30px|false|false&#8220; hover_enabled=&#8220;0&#8243; header_2_text_shadow_style=&#8220;preset1&#8243; header_2_text_shadow_vertical_length=&#8220;0.09em&#8220; header_2_text_shadow_blur_strength=&#8220;0.11em&#8220; header_2_text_shadow_color=&#8220;#000000&#8243; locked=&#8220;off&#8220; transform_styles__hover_enabled=&#8220;on|hover&#8220; transform_scale__hover_enabled=&#8220;on|hover&#8220; transform_translate__hover_enabled=&#8220;on|desktop&#8220; transform_rotate__hover_enabled=&#8220;on|desktop&#8220; transform_skew__hover_enabled=&#8220;on|desktop&#8220; transform_origin__hover_enabled=&#8220;on|desktop&#8220; transform_scale__hover=&#8220;95%|95%&#8220; sticky_enabled=&#8220;0&#8243;]<\/p>\n<h2>Historick\u00fd karneval Savaria<\/h2>\n<p>[\/et_pb_text][et_pb_text _builder_version=&#8220;4.9.2&#8243; _module_preset=&#8220;default&#8220; text_font_size=&#8220;18px&#8220; text_line_height=&#8220;1.2em&#8220; background_color=&#8220;#ffefd6&#8243; custom_margin=&#8220;-25px||||false|false&#8220; custom_padding=&#8220;10px|10px|10px|10px|false|false&#8220; hover_enabled=&#8220;0&#8243; border_color_all=&#8220;#d6d6d6&#8243; border_width_right=&#8220;1px&#8220; border_width_bottom=&#8220;1px&#8220; border_width_left=&#8220;1px&#8220; locked=&#8220;off&#8220; sticky_enabled=&#8220;0&#8243;]<\/p>\n<p>Nejpopul\u00e1rn\u011bj\u0161\u00ed a nejzn\u00e1m\u011bj\u0161\u00ed historick\u00fd karneval v Ma\u010farsku.<\/p>\n<p>[\/et_pb_text][\/et_pb_column][et_pb_column type=&#8220;2_3&#8243; _builder_version=&#8220;4.7.7&#8243; _module_preset=&#8220;default&#8220;][et_pb_text _builder_version=&#8220;4.9.2&#8243; _module_preset=&#8220;default&#8220; text_orientation=&#8220;justified&#8220; hover_enabled=&#8220;0&#8243; sticky_enabled=&#8220;0&#8243;]<\/p>\n<p>Krom\u011b vybudovan\u00e9ho a p\u0159\u00edrodn\u00edho d\u011bdictv\u00ed stoj\u00ed za zm\u00ednku tak\u00e9 karneval Savaria \u2013 kter\u00fd ukazuje kl\u00ed\u010dov\u00e9 ud\u00e1losti a \u00e9ry historie m\u011bsta jako \u017eiv\u00fd film. P\u0159itahuje desetitis\u00edce n\u00e1v\u0161t\u011bvn\u00edk\u016f a je to vyhl\u00e1\u0161en\u00e1 akce \u0161iroko daleko, bohat\u00e1 na atrakce a dobrodru\u017estv\u00ed, d\u016fle\u017eitou roli v n\u00ed hraje i humor. Je to perfektn\u00ed volba pro ty, kte\u0159\u00ed hledaj\u00ed kulturn\u00ed i lehkou z\u00e1bavu, a pro v\u0161echny generace.<br \/>VAROV\u00c1N\u00cd! Jeliko\u017e se jedn\u00e1 o velkou turistickou akci, rezervujte si ubytov\u00e1n\u00ed v\u010das!<\/p>\n<p>[\/et_pb_text][\/et_pb_column][\/et_pb_row][et_pb_row _builder_version=&#8220;4.7.7&#8243; _module_preset=&#8220;default&#8220; width=&#8220;85%&#8220; max_width=&#8220;100%&#8220; custom_css_main_element_tablet=&#8220;display:block&#8220; custom_css_main_element_phone=&#8220;display: block&#8220; custom_css_main_element_last_edited=&#8220;on|tablet&#8220;][et_pb_column type=&#8220;4_4&#8243; _builder_version=&#8220;4.7.7&#8243; _module_preset=&#8220;default&#8220;][et_pb_text _builder_version=&#8220;4.9.2&#8243; _module_preset=&#8220;default&#8220; text_orientation=&#8220;justified&#8220; hover_enabled=&#8220;0&#8243; sticky_enabled=&#8220;0&#8243;]<\/p>\n<p>The \u201cQueen of the West\u201d is an attractive destination mainly due to its many excellent family-friendly programs, but also history and nature enthusiasts find something for themselves in the county seat, located just a half-hour drive from B\u00fckf\u00fcrd\u0151.<\/p>\n<p>[\/et_pb_text][\/et_pb_column][\/et_pb_row][et_pb_row _builder_version=&#8220;4.7.7&#8243; _module_preset=&#8220;default&#8220; width=&#8220;85%&#8220; max_width=&#8220;100%&#8220; min_height=&#8220;220px&#8220; locked=&#8220;off&#8220;][et_pb_column type=&#8220;4_4&#8243; _builder_version=&#8220;4.7.7&#8243; _module_preset=&#8220;default&#8220;][et_pb_image src=&#8220;https:\/\/parkhotelbuk.hu\/wp-content\/uploads\/2021\/02\/bukparkhotel-szombathely.jpg&#8220; alt=&#8220;Szombathely&#8220; title_text=&#8220;Szombathely&#8220; show_in_lightbox=&#8220;on&#8220; force_fullwidth=&#8220;on&#8220; _builder_version=&#8220;4.7.7&#8243; _module_preset=&#8220;default&#8220; module_alignment=&#8220;right&#8220; height_tablet=&#8220;&#8220; height_phone=&#8220;&#8220; height_last_edited=&#8220;on|tablet&#8220; filter_saturate=&#8220;131%&#8220; filter_brightness=&#8220;110%&#8220; filter_contrast=&#8220;90%&#8220; box_shadow_style=&#8220;preset6&#8243; box_shadow_color=&#8220;#000000&#8243;][\/et_pb_image][\/et_pb_column][\/et_pb_row][et_pb_row column_structure=&#8220;1_2,1_2&#8243; _builder_version=&#8220;4.7.7&#8243; _module_preset=&#8220;default&#8220; width=&#8220;85%&#8220; max_width=&#8220;100%&#8220; min_height=&#8220;220px&#8220; locked=&#8220;off&#8220;][et_pb_column type=&#8220;1_2&#8243; _builder_version=&#8220;4.7.7&#8243; _module_preset=&#8220;default&#8220;][et_pb_text _builder_version=&#8220;4.9.2&#8243; _module_preset=&#8220;default&#8220; header_3_font=&#8220;Bebas Neue||||||||&#8220; header_3_text_color=&#8220;#5b8500&#8243; header_3_font_size=&#8220;36px&#8220; text_orientation=&#8220;center&#8220; max_width_tablet=&#8220;&#8220; max_width_phone=&#8220;98%&#8220; max_width_last_edited=&#8220;on|phone&#8220; hover_enabled=&#8220;0&#8243; sticky_enabled=&#8220;0&#8243;]<\/p>\n<h3 style=\"text-align: center;\"><img loading=\"lazy\" decoding=\"async\" class=\"alignnone wp-image-1660 \" src=\"https:\/\/parkhotelbuk.hu\/wp-content\/uploads\/2021\/03\/buk-utazas-kisauto-logo-4-300x104.png\" alt=\"\" width=\"262\" height=\"91\" \/> \u00a0<strong>27 km &#8211; 30 minut<\/strong><\/h3>\n<p>[\/et_pb_text][\/et_pb_column][et_pb_column type=&#8220;1_2&#8243; _builder_version=&#8220;4.7.7&#8243; _module_preset=&#8220;default&#8220;][et_pb_image src=&#8220;https:\/\/parkhotelbuk.hu\/wp-content\/uploads\/2021\/03\/buk-szombathely-terkep3.jpg&#8220; alt=&#8220;B\u00fck &#8211; Szombathely t\u00e1vols\u00e1g&#8220; title_text=&#8220;B\u00fck &#8211; Szombathely t\u00e1vols\u00e1g&#8220; show_in_lightbox=&#8220;on&#8220; align=&#8220;right&#8220; force_fullwidth=&#8220;on&#8220; _builder_version=&#8220;4.7.7&#8243; _module_preset=&#8220;default&#8220; custom_margin=&#8220;-250px||||false|false&#8220; custom_margin_tablet=&#8220;0px||||false|false&#8220; custom_margin_phone=&#8220;&#8220; custom_margin_last_edited=&#8220;on|tablet&#8220; custom_padding=&#8220;|50px|||false|false&#8220; custom_padding_tablet=&#8220;|0px|||false|false&#8220; custom_padding_phone=&#8220;&#8220; custom_padding_last_edited=&#8220;on|desktop&#8220; box_shadow_style=&#8220;preset6&#8243; box_shadow_color=&#8220;#000000&#8243;][\/et_pb_image][\/et_pb_column][\/et_pb_row][et_pb_row _builder_version=&#8220;4.7.7&#8243; _module_preset=&#8220;default&#8220; width=&#8220;85%&#8220; max_width=&#8220;1600px&#8220; border_color_all=&#8220;#d6d6d6&#8243; border_width_top=&#8220;2px&#8220;][et_pb_column type=&#8220;4_4&#8243; _builder_version=&#8220;4.7.7&#8243; _module_preset=&#8220;default&#8220;][et_pb_text _builder_version=&#8220;4.9.2&#8243; _module_preset=&#8220;default&#8220; header_text_color=&#8220;#5b8500&#8243; header_2_font=&#8220;Bebas Neue||||||||&#8220; header_2_text_color=&#8220;#5b8500&#8243; hover_enabled=&#8220;0&#8243; sticky_enabled=&#8220;0&#8243;]<\/p>\n<h2 style=\"text-align: center;\">\u010cetl jsi to?<\/h2>\n<p>[\/et_pb_text][et_pb_post_slider posts_number=&#8220;5&#8243; include_categories=&#8220;current&#8220; orderby=&#8220;rand&#8220; excerpt_length=&#8220;200&#8243; show_meta=&#8220;off&#8220; bg_overlay_color=&#8220;rgba(0,0,0,0.6)&#8220; _builder_version=&#8220;4.7.7&#8243; _module_preset=&#8220;default&#8220; header_font=&#8220;Bebas Neue||||||||&#8220; header_font_size=&#8220;23px&#8220; body_font=&#8220;||||||||&#8220; body_font_size=&#8220;12px&#8220; body_line_height=&#8220;1.5em&#8220; custom_button=&#8220;on&#8220; button_text_size=&#8220;17px&#8220; button_text_color=&#8220;#ffffff&#8220; button_bg_color=&#8220;rgba(0,0,0,0)&#8220; button_border_color=&#8220;#ffffff&#8220; button_border_radius=&#8220;2px&#8220; button_font=&#8220;Bebas Neue||||||||&#8220; width=&#8220;40%&#8220; width_tablet=&#8220;100%&#8220; width_phone=&#8220;&#8220; width_last_edited=&#8220;on|phone&#8220; module_alignment=&#8220;center&#8220; max_height=&#8220;300px&#8220; auto=&#8220;on&#8220; auto_speed=&#8220;10000&#8243; header_text_shadow_style=&#8220;preset1&#8243; header_text_shadow_horizontal_length=&#8220;0.08em&#8220; header_text_shadow_blur_strength=&#8220;0.03em&#8220; body_text_shadow_style=&#8220;preset2&#8243; button_text_shadow_style=&#8220;preset1&#8243; button_text_shadow_blur_strength=&#8220;0.05em&#8220; button_text_shadow_color=&#8220;#000000&#8243;][\/et_pb_post_slider][\/et_pb_column][\/et_pb_row][\/et_pb_section]<\/p>\n","protected":false},"excerpt":{"rendered":"<p>Krajsk\u00e9 s\u00eddlo le\u017e\u00ed jen p\u016fl hodiny j\u00edzdy od l\u00e1ze\u0148sk\u00e9ho m\u011bsta a je mimo\u0159\u00e1dn\u011b bohat\u00e9 na historick\u00e9 pam\u00e1tky, zejm\u00e9na z doby \u0159\u00edmsk\u00e9. Nejzn\u00e1m\u011bj\u0161\u00ed atrakc\u00ed m\u011bsta je karneval Savaria, jeho\u017e c\u00edlem je p\u0159ipomenout tyto historick\u00e9 ko\u0159eny. N\u00e1v\u0161t\u011bva Szombathely se samoz\u0159ejm\u011b nevyplat\u00ed jen v srpnu, proto\u017ee jeho ru\u0161n\u00fd kulturn\u00ed \u017eivot, stejn\u011b jako divadlo a restaurace nab\u00edzej\u00ed ka\u017ed\u00fd den [&hellip;]<\/p>\n","protected":false},"author":3,"featured_media":5571,"comment_status":"closed","ping_status":"closed","sticky":false,"template":"","format":"standard","meta":{"_et_pb_use_builder":"on","_et_pb_old_content":"","_et_gb_content_width":"","footnotes":""},"categories":[62],"tags":[],"class_list":["post-5570","post","type-post","status-publish","format-standard","has-post-thumbnail","hentry","category-kornyek-cs"],"yoast_head":"<!-- This site is optimized with the Yoast SEO plugin v27.2 - https:\/\/yoast.com\/product\/yoast-seo-wordpress\/ -->\n<title>Szombathely - Park Hotel - B\u00fck<\/title>\n<meta name=\"robots\" content=\"index, follow, max-snippet:-1, max-image-preview:large, max-video-preview:-1\" \/>\n<link rel=\"canonical\" href=\"https:\/\/parkhotelbuk.hu\/cs\/szombathely\/\" \/>\n<meta property=\"og:locale\" content=\"cs_CZ\" \/>\n<meta property=\"og:type\" content=\"article\" \/>\n<meta property=\"og:title\" content=\"Szombathely - Park Hotel - B\u00fck\" \/>\n<meta property=\"og:description\" content=\"Krajsk\u00e9 s\u00eddlo le\u017e\u00ed jen p\u016fl hodiny j\u00edzdy od l\u00e1ze\u0148sk\u00e9ho m\u011bsta a je mimo\u0159\u00e1dn\u011b bohat\u00e9 na historick\u00e9 pam\u00e1tky, zejm\u00e9na z doby \u0159\u00edmsk\u00e9. Nejzn\u00e1m\u011bj\u0161\u00ed atrakc\u00ed m\u011bsta je karneval Savaria, jeho\u017e c\u00edlem je p\u0159ipomenout tyto historick\u00e9 ko\u0159eny. N\u00e1v\u0161t\u011bva Szombathely se samoz\u0159ejm\u011b nevyplat\u00ed jen v srpnu, proto\u017ee jeho ru\u0161n\u00fd kulturn\u00ed \u017eivot, stejn\u011b jako divadlo a restaurace nab\u00edzej\u00ed ka\u017ed\u00fd den [&hellip;]\" \/>\n<meta property=\"og:url\" content=\"https:\/\/parkhotelbuk.hu\/cs\/szombathely\/\" \/>\n<meta property=\"og:site_name\" content=\"Park Hotel - B\u00fck\" \/>\n<meta property=\"article:published_time\" content=\"2021-03-10T13:30:48+00:00\" \/>\n<meta property=\"article:modified_time\" content=\"2022-06-21T12:52:51+00:00\" \/>\n<meta property=\"og:image\" content=\"https:\/\/parkhotelbuk.hu\/wp-content\/uploads\/2021\/02\/parkhotel-buk-szombathely-foter-22.jpg\" \/>\n\t<meta property=\"og:image:width\" content=\"1600\" \/>\n\t<meta property=\"og:image:height\" content=\"1067\" \/>\n\t<meta property=\"og:image:type\" content=\"image\/jpeg\" \/>\n<meta name=\"author\" content=\"Hegyi Tam\u00e1s\" \/>\n<meta name=\"twitter:card\" content=\"summary_large_image\" \/>\n<meta name=\"twitter:label1\" content=\"Napsal(a)\" \/>\n\t<meta name=\"twitter:data1\" content=\"Hegyi Tam\u00e1s\" \/>\n\t<meta name=\"twitter:label2\" content=\"Odhadovan\u00e1 doba \u010dten\u00ed\" \/>\n\t<meta name=\"twitter:data2\" content=\"15 minut\" \/>\n<script type=\"application\/ld+json\" class=\"yoast-schema-graph\">{\"@context\":\"https:\/\/schema.org\",\"@graph\":[{\"@type\":\"Article\",\"@id\":\"https:\/\/parkhotelbuk.hu\/cs\/szombathely\/#article\",\"isPartOf\":{\"@id\":\"https:\/\/parkhotelbuk.hu\/cs\/szombathely\/\"},\"author\":{\"name\":\"Hegyi Tam\u00e1s\",\"@id\":\"https:\/\/parkhotelbuk.hu\/#\/schema\/person\/41ceb0e8195b74cf68e53413c3b1acee\"},\"headline\":\"Szombathely\",\"datePublished\":\"2021-03-10T13:30:48+00:00\",\"dateModified\":\"2022-06-21T12:52:51+00:00\",\"mainEntityOfPage\":{\"@id\":\"https:\/\/parkhotelbuk.hu\/cs\/szombathely\/\"},\"wordCount\":2910,\"image\":{\"@id\":\"https:\/\/parkhotelbuk.hu\/cs\/szombathely\/#primaryimage\"},\"thumbnailUrl\":\"https:\/\/parkhotelbuk.hu\/wp-content\/uploads\/2021\/02\/parkhotel-buk-szombathely-foter-22.jpg\",\"articleSection\":[\"K\u00f6rny\u00e9k\"],\"inLanguage\":\"cs\"},{\"@type\":\"WebPage\",\"@id\":\"https:\/\/parkhotelbuk.hu\/cs\/szombathely\/\",\"url\":\"https:\/\/parkhotelbuk.hu\/cs\/szombathely\/\",\"name\":\"Szombathely - Park Hotel - B\u00fck\",\"isPartOf\":{\"@id\":\"https:\/\/parkhotelbuk.hu\/#website\"},\"primaryImageOfPage\":{\"@id\":\"https:\/\/parkhotelbuk.hu\/cs\/szombathely\/#primaryimage\"},\"image\":{\"@id\":\"https:\/\/parkhotelbuk.hu\/cs\/szombathely\/#primaryimage\"},\"thumbnailUrl\":\"https:\/\/parkhotelbuk.hu\/wp-content\/uploads\/2021\/02\/parkhotel-buk-szombathely-foter-22.jpg\",\"datePublished\":\"2021-03-10T13:30:48+00:00\",\"dateModified\":\"2022-06-21T12:52:51+00:00\",\"author\":{\"@id\":\"https:\/\/parkhotelbuk.hu\/#\/schema\/person\/41ceb0e8195b74cf68e53413c3b1acee\"},\"breadcrumb\":{\"@id\":\"https:\/\/parkhotelbuk.hu\/cs\/szombathely\/#breadcrumb\"},\"inLanguage\":\"cs\",\"potentialAction\":[{\"@type\":\"ReadAction\",\"target\":[\"https:\/\/parkhotelbuk.hu\/cs\/szombathely\/\"]}]},{\"@type\":\"ImageObject\",\"inLanguage\":\"cs\",\"@id\":\"https:\/\/parkhotelbuk.hu\/cs\/szombathely\/#primaryimage\",\"url\":\"https:\/\/parkhotelbuk.hu\/wp-content\/uploads\/2021\/02\/parkhotel-buk-szombathely-foter-22.jpg\",\"contentUrl\":\"https:\/\/parkhotelbuk.hu\/wp-content\/uploads\/2021\/02\/parkhotel-buk-szombathely-foter-22.jpg\",\"width\":1600,\"height\":1067},{\"@type\":\"BreadcrumbList\",\"@id\":\"https:\/\/parkhotelbuk.hu\/cs\/szombathely\/#breadcrumb\",\"itemListElement\":[{\"@type\":\"ListItem\",\"position\":1,\"name\":\"Kezd\u0151lap\",\"item\":\"https:\/\/parkhotelbuk.hu\/cs\/\"},{\"@type\":\"ListItem\",\"position\":2,\"name\":\"Szombathely\"}]},{\"@type\":\"WebSite\",\"@id\":\"https:\/\/parkhotelbuk.hu\/#website\",\"url\":\"https:\/\/parkhotelbuk.hu\/\",\"name\":\"Park Hotel - B\u00fck\",\"description\":\"B\u00fck leg\u00fajabb n\u00e9gycsillagos sz\u00e1llod\u00e1ja\",\"potentialAction\":[{\"@type\":\"SearchAction\",\"target\":{\"@type\":\"EntryPoint\",\"urlTemplate\":\"https:\/\/parkhotelbuk.hu\/?s={search_term_string}\"},\"query-input\":{\"@type\":\"PropertyValueSpecification\",\"valueRequired\":true,\"valueName\":\"search_term_string\"}}],\"inLanguage\":\"cs\"},{\"@type\":\"Person\",\"@id\":\"https:\/\/parkhotelbuk.hu\/#\/schema\/person\/41ceb0e8195b74cf68e53413c3b1acee\",\"name\":\"Hegyi Tam\u00e1s\",\"image\":{\"@type\":\"ImageObject\",\"inLanguage\":\"cs\",\"@id\":\"https:\/\/secure.gravatar.com\/avatar\/09dcaf71bb69536a6523e2a77aee4f1dca39e1bc790a71bf3e5e5a72b9a88765?s=96&d=mm&r=g\",\"url\":\"https:\/\/secure.gravatar.com\/avatar\/09dcaf71bb69536a6523e2a77aee4f1dca39e1bc790a71bf3e5e5a72b9a88765?s=96&d=mm&r=g\",\"contentUrl\":\"https:\/\/secure.gravatar.com\/avatar\/09dcaf71bb69536a6523e2a77aee4f1dca39e1bc790a71bf3e5e5a72b9a88765?s=96&d=mm&r=g\",\"caption\":\"Hegyi Tam\u00e1s\"},\"url\":\"https:\/\/parkhotelbuk.hu\/cs\/author\/hegyi-tamas\/\"}]}<\/script>\n<!-- \/ Yoast SEO plugin. -->","yoast_head_json":{"title":"Szombathely - Park Hotel - B\u00fck","robots":{"index":"index","follow":"follow","max-snippet":"max-snippet:-1","max-image-preview":"max-image-preview:large","max-video-preview":"max-video-preview:-1"},"canonical":"https:\/\/parkhotelbuk.hu\/cs\/szombathely\/","og_locale":"cs_CZ","og_type":"article","og_title":"Szombathely - Park Hotel - B\u00fck","og_description":"Krajsk\u00e9 s\u00eddlo le\u017e\u00ed jen p\u016fl hodiny j\u00edzdy od l\u00e1ze\u0148sk\u00e9ho m\u011bsta a je mimo\u0159\u00e1dn\u011b bohat\u00e9 na historick\u00e9 pam\u00e1tky, zejm\u00e9na z doby \u0159\u00edmsk\u00e9. Nejzn\u00e1m\u011bj\u0161\u00ed atrakc\u00ed m\u011bsta je karneval Savaria, jeho\u017e c\u00edlem je p\u0159ipomenout tyto historick\u00e9 ko\u0159eny. N\u00e1v\u0161t\u011bva Szombathely se samoz\u0159ejm\u011b nevyplat\u00ed jen v srpnu, proto\u017ee jeho ru\u0161n\u00fd kulturn\u00ed \u017eivot, stejn\u011b jako divadlo a restaurace nab\u00edzej\u00ed ka\u017ed\u00fd den [&hellip;]","og_url":"https:\/\/parkhotelbuk.hu\/cs\/szombathely\/","og_site_name":"Park Hotel - B\u00fck","article_published_time":"2021-03-10T13:30:48+00:00","article_modified_time":"2022-06-21T12:52:51+00:00","og_image":[{"width":1600,"height":1067,"url":"https:\/\/parkhotelbuk.hu\/wp-content\/uploads\/2021\/02\/parkhotel-buk-szombathely-foter-22.jpg","type":"image\/jpeg"}],"author":"Hegyi Tam\u00e1s","twitter_card":"summary_large_image","twitter_misc":{"Napsal(a)":"Hegyi Tam\u00e1s","Odhadovan\u00e1 doba \u010dten\u00ed":"15 minut"},"schema":{"@context":"https:\/\/schema.org","@graph":[{"@type":"Article","@id":"https:\/\/parkhotelbuk.hu\/cs\/szombathely\/#article","isPartOf":{"@id":"https:\/\/parkhotelbuk.hu\/cs\/szombathely\/"},"author":{"name":"Hegyi Tam\u00e1s","@id":"https:\/\/parkhotelbuk.hu\/#\/schema\/person\/41ceb0e8195b74cf68e53413c3b1acee"},"headline":"Szombathely","datePublished":"2021-03-10T13:30:48+00:00","dateModified":"2022-06-21T12:52:51+00:00","mainEntityOfPage":{"@id":"https:\/\/parkhotelbuk.hu\/cs\/szombathely\/"},"wordCount":2910,"image":{"@id":"https:\/\/parkhotelbuk.hu\/cs\/szombathely\/#primaryimage"},"thumbnailUrl":"https:\/\/parkhotelbuk.hu\/wp-content\/uploads\/2021\/02\/parkhotel-buk-szombathely-foter-22.jpg","articleSection":["K\u00f6rny\u00e9k"],"inLanguage":"cs"},{"@type":"WebPage","@id":"https:\/\/parkhotelbuk.hu\/cs\/szombathely\/","url":"https:\/\/parkhotelbuk.hu\/cs\/szombathely\/","name":"Szombathely - Park Hotel - B\u00fck","isPartOf":{"@id":"https:\/\/parkhotelbuk.hu\/#website"},"primaryImageOfPage":{"@id":"https:\/\/parkhotelbuk.hu\/cs\/szombathely\/#primaryimage"},"image":{"@id":"https:\/\/parkhotelbuk.hu\/cs\/szombathely\/#primaryimage"},"thumbnailUrl":"https:\/\/parkhotelbuk.hu\/wp-content\/uploads\/2021\/02\/parkhotel-buk-szombathely-foter-22.jpg","datePublished":"2021-03-10T13:30:48+00:00","dateModified":"2022-06-21T12:52:51+00:00","author":{"@id":"https:\/\/parkhotelbuk.hu\/#\/schema\/person\/41ceb0e8195b74cf68e53413c3b1acee"},"breadcrumb":{"@id":"https:\/\/parkhotelbuk.hu\/cs\/szombathely\/#breadcrumb"},"inLanguage":"cs","potentialAction":[{"@type":"ReadAction","target":["https:\/\/parkhotelbuk.hu\/cs\/szombathely\/"]}]},{"@type":"ImageObject","inLanguage":"cs","@id":"https:\/\/parkhotelbuk.hu\/cs\/szombathely\/#primaryimage","url":"https:\/\/parkhotelbuk.hu\/wp-content\/uploads\/2021\/02\/parkhotel-buk-szombathely-foter-22.jpg","contentUrl":"https:\/\/parkhotelbuk.hu\/wp-content\/uploads\/2021\/02\/parkhotel-buk-szombathely-foter-22.jpg","width":1600,"height":1067},{"@type":"BreadcrumbList","@id":"https:\/\/parkhotelbuk.hu\/cs\/szombathely\/#breadcrumb","itemListElement":[{"@type":"ListItem","position":1,"name":"Kezd\u0151lap","item":"https:\/\/parkhotelbuk.hu\/cs\/"},{"@type":"ListItem","position":2,"name":"Szombathely"}]},{"@type":"WebSite","@id":"https:\/\/parkhotelbuk.hu\/#website","url":"https:\/\/parkhotelbuk.hu\/","name":"Park Hotel - B\u00fck","description":"B\u00fck leg\u00fajabb n\u00e9gycsillagos sz\u00e1llod\u00e1ja","potentialAction":[{"@type":"SearchAction","target":{"@type":"EntryPoint","urlTemplate":"https:\/\/parkhotelbuk.hu\/?s={search_term_string}"},"query-input":{"@type":"PropertyValueSpecification","valueRequired":true,"valueName":"search_term_string"}}],"inLanguage":"cs"},{"@type":"Person","@id":"https:\/\/parkhotelbuk.hu\/#\/schema\/person\/41ceb0e8195b74cf68e53413c3b1acee","name":"Hegyi Tam\u00e1s","image":{"@type":"ImageObject","inLanguage":"cs","@id":"https:\/\/secure.gravatar.com\/avatar\/09dcaf71bb69536a6523e2a77aee4f1dca39e1bc790a71bf3e5e5a72b9a88765?s=96&d=mm&r=g","url":"https:\/\/secure.gravatar.com\/avatar\/09dcaf71bb69536a6523e2a77aee4f1dca39e1bc790a71bf3e5e5a72b9a88765?s=96&d=mm&r=g","contentUrl":"https:\/\/secure.gravatar.com\/avatar\/09dcaf71bb69536a6523e2a77aee4f1dca39e1bc790a71bf3e5e5a72b9a88765?s=96&d=mm&r=g","caption":"Hegyi Tam\u00e1s"},"url":"https:\/\/parkhotelbuk.hu\/cs\/author\/hegyi-tamas\/"}]}},"_links":{"self":[{"href":"https:\/\/parkhotelbuk.hu\/cs\/wp-json\/wp\/v2\/posts\/5570","targetHints":{"allow":["GET"]}}],"collection":[{"href":"https:\/\/parkhotelbuk.hu\/cs\/wp-json\/wp\/v2\/posts"}],"about":[{"href":"https:\/\/parkhotelbuk.hu\/cs\/wp-json\/wp\/v2\/types\/post"}],"author":[{"embeddable":true,"href":"https:\/\/parkhotelbuk.hu\/cs\/wp-json\/wp\/v2\/users\/3"}],"replies":[{"embeddable":true,"href":"https:\/\/parkhotelbuk.hu\/cs\/wp-json\/wp\/v2\/comments?post=5570"}],"version-history":[{"count":0,"href":"https:\/\/parkhotelbuk.hu\/cs\/wp-json\/wp\/v2\/posts\/5570\/revisions"}],"wp:featuredmedia":[{"embeddable":true,"href":"https:\/\/parkhotelbuk.hu\/cs\/wp-json\/wp\/v2\/media\/5571"}],"wp:attachment":[{"href":"https:\/\/parkhotelbuk.hu\/cs\/wp-json\/wp\/v2\/media?parent=5570"}],"wp:term":[{"taxonomy":"category","embeddable":true,"href":"https:\/\/parkhotelbuk.hu\/cs\/wp-json\/wp\/v2\/categories?post=5570"},{"taxonomy":"post_tag","embeddable":true,"href":"https:\/\/parkhotelbuk.hu\/cs\/wp-json\/wp\/v2\/tags?post=5570"}],"curies":[{"name":"wp","href":"https:\/\/api.w.org\/{rel}","templated":true}]}}